{"id":1338,"date":"2022-07-26T14:51:25","date_gmt":"2022-07-26T17:51:25","guid":{"rendered":"https:\/\/feiradeciencias.pucpr.br\/2023\/?p=1338"},"modified":"2023-03-17T09:36:36","modified_gmt":"2023-03-17T12:36:36","slug":"premiacao","status":"publish","type":"post","link":"https:\/\/feiradeciencias.pucpr.br\/2022\/premiacao\/","title":{"rendered":"PREMIA\u00c7\u00c3O"},"content":{"rendered":"\t\t<div data-elementor-type=\"wp-post\" data-elementor-id=\"1338\" class=\"elementor elementor-1338\" data-elementor-post-type=\"post\">\n\t\t\t\t\t\t<section class=\"elementor-section elementor-top-section elementor-element elementor-element-996ff11 elementor-section-full_width elementor-section-height-default elementor-section-height-default\" data-id=\"996ff11\" data-element_type=\"section\" data-e-type=\"section\">\n\t\t\t\t\t\t<div class=\"elementor-container elementor-column-gap-no\">\n\t\t\t\t\t<div class=\"elementor-column elementor-col-100 elementor-top-column elementor-element elementor-element-0301d04\" data-id=\"0301d04\" data-element_type=\"column\" data-e-type=\"column\">\n\t\t\t<div class=\"elementor-widget-wrap elementor-element-populated\">\n\t\t\t\t\t\t<div class=\"elementor-element elementor-element-71eaf4f elementor-widget elementor-widget-text-editor\" data-id=\"71eaf4f\" data-element_type=\"widget\" data-e-type=\"widget\" data-widget_type=\"text-editor.default\">\n\t\t\t\t<div class=\"elementor-widget-container\">\n\t\t\t\t\t\t\t\t\t<p>Informa\u00e7\u00f5es em breve.<\/p>\t\t\t\t\t\t\t\t<\/div>\n\t\t\t\t<\/div>\n\t\t\t\t\t<\/div>\n\t\t<\/div>\n\t\t\t\t\t<\/div>\n\t\t<\/section>\n\t\t\t\t<\/div>\n\t\t","protected":false},"excerpt":{"rendered":"<p>Informa\u00e7\u00f5es em breve.<\/p>\n","protected":false},"author":2,"featured_media":0,"comment_status":"open","ping_status":"open","sticky":false,"template":"","format":"standard","meta":{"_acf_changed":false,"footnotes":""},"categories":[1],"tags":[],"class_list":["post-1338","post","type-post","status-publish","format-standard","hentry","category-sem-categoria"],"acf":[],"yoast_head":"<!-- This site is optimized with the Yoast SEO plugin v27.4 - https:\/\/yoast.com\/product\/yoast-seo-wordpress\/ -->\n<title>PREMIA\u00c7\u00c3O - Feira de Ci\u00eancias | PUCPR | 2022<\/title>\n<meta name=\"robots\" content=\"index, follow, max-snippet:-1, max-image-preview:large, max-video-preview:-1\" \/>\n<link rel=\"canonical\" href=\"https:\/\/feiradeciencias.pucpr.br\/2022\/premiacao\/\" \/>\n<meta property=\"og:locale\" content=\"pt_BR\" \/>\n<meta property=\"og:type\" content=\"article\" \/>\n<meta property=\"og:title\" content=\"PREMIA\u00c7\u00c3O - Feira de Ci\u00eancias | PUCPR | 2022\" \/>\n<meta property=\"og:description\" content=\"Informa\u00e7\u00f5es em breve.\" \/>\n<meta property=\"og:url\" content=\"https:\/\/feiradeciencias.pucpr.br\/2022\/premiacao\/\" \/>\n<meta property=\"og:site_name\" content=\"Feira de Ci\u00eancias | PUCPR | 2022\" \/>\n<meta property=\"article:published_time\" content=\"2022-07-26T17:51:25+00:00\" \/>\n<meta property=\"article:modified_time\" content=\"2023-03-17T12:36:36+00:00\" \/>\n<meta name=\"author\" content=\"manoelmaranhao\" \/>\n<meta name=\"twitter:card\" content=\"summary_large_image\" \/>\n<meta name=\"twitter:label1\" content=\"Escrito por\" \/>\n\t<meta name=\"twitter:data1\" content=\"manoelmaranhao\" \/>\n\t<meta name=\"twitter:label2\" content=\"Est. tempo de leitura\" \/>\n\t<meta name=\"twitter:data2\" content=\"1 minuto\" \/>\n<script type=\"application\/ld+json\" class=\"yoast-schema-graph\">{\"@context\":\"https:\\\/\\\/schema.org\",\"@graph\":[{\"@type\":\"Article\",\"@id\":\"https:\\\/\\\/feiradeciencias.pucpr.br\\\/2022\\\/premiacao\\\/#article\",\"isPartOf\":{\"@id\":\"https:\\\/\\\/feiradeciencias.pucpr.br\\\/2022\\\/premiacao\\\/\"},\"author\":{\"name\":\"manoelmaranhao\",\"@id\":\"https:\\\/\\\/feiradeciencias.pucpr.br\\\/2022\\\/#\\\/schema\\\/person\\\/05b9255c260bb6bca53021119600142a\"},\"headline\":\"PREMIA\u00c7\u00c3O\",\"datePublished\":\"2022-07-26T17:51:25+00:00\",\"dateModified\":\"2023-03-17T12:36:36+00:00\",\"mainEntityOfPage\":{\"@id\":\"https:\\\/\\\/feiradeciencias.pucpr.br\\\/2022\\\/premiacao\\\/\"},\"wordCount\":6,\"commentCount\":0,\"publisher\":{\"@id\":\"https:\\\/\\\/feiradeciencias.pucpr.br\\\/2022\\\/#organization\"},\"inLanguage\":\"pt-BR\",\"potentialAction\":[{\"@type\":\"CommentAction\",\"name\":\"Comment\",\"target\":[\"https:\\\/\\\/feiradeciencias.pucpr.br\\\/2022\\\/premiacao\\\/#respond\"]}]},{\"@type\":\"WebPage\",\"@id\":\"https:\\\/\\\/feiradeciencias.pucpr.br\\\/2022\\\/premiacao\\\/\",\"url\":\"https:\\\/\\\/feiradeciencias.pucpr.br\\\/2022\\\/premiacao\\\/\",\"name\":\"PREMIA\u00c7\u00c3O - Feira de Ci\u00eancias | PUCPR | 2022\",\"isPartOf\":{\"@id\":\"https:\\\/\\\/feiradeciencias.pucpr.br\\\/2022\\\/#website\"},\"datePublished\":\"2022-07-26T17:51:25+00:00\",\"dateModified\":\"2023-03-17T12:36:36+00:00\",\"breadcrumb\":{\"@id\":\"https:\\\/\\\/feiradeciencias.pucpr.br\\\/2022\\\/premiacao\\\/#breadcrumb\"},\"inLanguage\":\"pt-BR\",\"potentialAction\":[{\"@type\":\"ReadAction\",\"target\":[\"https:\\\/\\\/feiradeciencias.pucpr.br\\\/2022\\\/premiacao\\\/\"]}]},{\"@type\":\"BreadcrumbList\",\"@id\":\"https:\\\/\\\/feiradeciencias.pucpr.br\\\/2022\\\/premiacao\\\/#breadcrumb\",\"itemListElement\":[{\"@type\":\"ListItem\",\"position\":1,\"name\":\"In\u00edcio\",\"item\":\"https:\\\/\\\/feiradeciencias.pucpr.br\\\/2022\\\/\"},{\"@type\":\"ListItem\",\"position\":2,\"name\":\"PREMIA\u00c7\u00c3O\"}]},{\"@type\":\"WebSite\",\"@id\":\"https:\\\/\\\/feiradeciencias.pucpr.br\\\/2022\\\/#website\",\"url\":\"https:\\\/\\\/feiradeciencias.pucpr.br\\\/2022\\\/\",\"name\":\"Feira de Ci\u00eancias | PUCPR | 2022\",\"description\":\"7\u00aa Feira de Ci\u00eancias J\u00fanior da PUCPR e 3\u00aa Mostra Paralela da PUCPR | 2023\",\"publisher\":{\"@id\":\"https:\\\/\\\/feiradeciencias.pucpr.br\\\/2022\\\/#organization\"},\"potentialAction\":[{\"@type\":\"SearchAction\",\"target\":{\"@type\":\"EntryPoint\",\"urlTemplate\":\"https:\\\/\\\/feiradeciencias.pucpr.br\\\/2022\\\/?s={search_term_string}\"},\"query-input\":{\"@type\":\"PropertyValueSpecification\",\"valueRequired\":true,\"valueName\":\"search_term_string\"}}],\"inLanguage\":\"pt-BR\"},{\"@type\":\"Organization\",\"@id\":\"https:\\\/\\\/feiradeciencias.pucpr.br\\\/2022\\\/#organization\",\"name\":\"Feira de Ci\u00eancias | PUCPR | 2022\",\"url\":\"https:\\\/\\\/feiradeciencias.pucpr.br\\\/2022\\\/\",\"logo\":{\"@type\":\"ImageObject\",\"inLanguage\":\"pt-BR\",\"@id\":\"https:\\\/\\\/feiradeciencias.pucpr.br\\\/2022\\\/#\\\/schema\\\/logo\\\/image\\\/\",\"url\":\"https:\\\/\\\/feiradeciencias.pucpr.br\\\/2022\\\/wp-content\\\/uploads\\\/sites\\\/2\\\/2022\\\/05\\\/logo-puc-branca-horizontal.png\",\"contentUrl\":\"https:\\\/\\\/feiradeciencias.pucpr.br\\\/2022\\\/wp-content\\\/uploads\\\/sites\\\/2\\\/2022\\\/05\\\/logo-puc-branca-horizontal.png\",\"width\":221,\"height\":100,\"caption\":\"Feira de Ci\u00eancias | PUCPR | 2022\"},\"image\":{\"@id\":\"https:\\\/\\\/feiradeciencias.pucpr.br\\\/2022\\\/#\\\/schema\\\/logo\\\/image\\\/\"}},{\"@type\":\"Person\",\"@id\":\"https:\\\/\\\/feiradeciencias.pucpr.br\\\/2022\\\/#\\\/schema\\\/person\\\/05b9255c260bb6bca53021119600142a\",\"name\":\"manoelmaranhao\",\"image\":{\"@type\":\"ImageObject\",\"inLanguage\":\"pt-BR\",\"@id\":\"https:\\\/\\\/secure.gravatar.com\\\/avatar\\\/68a369b1519bf951acc27e328a29a1858b2c7a8bd238111715658ac20bcb4391?s=96&d=mm&r=g\",\"url\":\"https:\\\/\\\/secure.gravatar.com\\\/avatar\\\/68a369b1519bf951acc27e328a29a1858b2c7a8bd238111715658ac20bcb4391?s=96&d=mm&r=g\",\"contentUrl\":\"https:\\\/\\\/secure.gravatar.com\\\/avatar\\\/68a369b1519bf951acc27e328a29a1858b2c7a8bd238111715658ac20bcb4391?s=96&d=mm&r=g\",\"caption\":\"manoelmaranhao\"},\"url\":\"https:\\\/\\\/feiradeciencias.pucpr.br\\\/2022\\\/author\\\/manoelmaranhao\\\/\"}]}<\/script>\n<!-- \/ Yoast SEO plugin. -->","yoast_head_json":{"title":"PREMIA\u00c7\u00c3O - Feira de Ci\u00eancias | PUCPR | 2022","robots":{"index":"index","follow":"follow","max-snippet":"max-snippet:-1","max-image-preview":"max-image-preview:large","max-video-preview":"max-video-preview:-1"},"canonical":"https:\/\/feiradeciencias.pucpr.br\/2022\/premiacao\/","og_locale":"pt_BR","og_type":"article","og_title":"PREMIA\u00c7\u00c3O - Feira de Ci\u00eancias | PUCPR | 2022","og_description":"Informa\u00e7\u00f5es em breve.","og_url":"https:\/\/feiradeciencias.pucpr.br\/2022\/premiacao\/","og_site_name":"Feira de Ci\u00eancias | PUCPR | 2022","article_published_time":"2022-07-26T17:51:25+00:00","article_modified_time":"2023-03-17T12:36:36+00:00","author":"manoelmaranhao","twitter_card":"summary_large_image","twitter_misc":{"Escrito por":"manoelmaranhao","Est. tempo de leitura":"1 minuto"},"schema":{"@context":"https:\/\/schema.org","@graph":[{"@type":"Article","@id":"https:\/\/feiradeciencias.pucpr.br\/2022\/premiacao\/#article","isPartOf":{"@id":"https:\/\/feiradeciencias.pucpr.br\/2022\/premiacao\/"},"author":{"name":"manoelmaranhao","@id":"https:\/\/feiradeciencias.pucpr.br\/2022\/#\/schema\/person\/05b9255c260bb6bca53021119600142a"},"headline":"PREMIA\u00c7\u00c3O","datePublished":"2022-07-26T17:51:25+00:00","dateModified":"2023-03-17T12:36:36+00:00","mainEntityOfPage":{"@id":"https:\/\/feiradeciencias.pucpr.br\/2022\/premiacao\/"},"wordCount":6,"commentCount":0,"publisher":{"@id":"https:\/\/feiradeciencias.pucpr.br\/2022\/#organization"},"inLanguage":"pt-BR","potentialAction":[{"@type":"CommentAction","name":"Comment","target":["https:\/\/feiradeciencias.pucpr.br\/2022\/premiacao\/#respond"]}]},{"@type":"WebPage","@id":"https:\/\/feiradeciencias.pucpr.br\/2022\/premiacao\/","url":"https:\/\/feiradeciencias.pucpr.br\/2022\/premiacao\/","name":"PREMIA\u00c7\u00c3O - Feira de Ci\u00eancias | PUCPR | 2022","isPartOf":{"@id":"https:\/\/feiradeciencias.pucpr.br\/2022\/#website"},"datePublished":"2022-07-26T17:51:25+00:00","dateModified":"2023-03-17T12:36:36+00:00","breadcrumb":{"@id":"https:\/\/feiradeciencias.pucpr.br\/2022\/premiacao\/#breadcrumb"},"inLanguage":"pt-BR","potentialAction":[{"@type":"ReadAction","target":["https:\/\/feiradeciencias.pucpr.br\/2022\/premiacao\/"]}]},{"@type":"BreadcrumbList","@id":"https:\/\/feiradeciencias.pucpr.br\/2022\/premiacao\/#breadcrumb","itemListElement":[{"@type":"ListItem","position":1,"name":"In\u00edcio","item":"https:\/\/feiradeciencias.pucpr.br\/2022\/"},{"@type":"ListItem","position":2,"name":"PREMIA\u00c7\u00c3O"}]},{"@type":"WebSite","@id":"https:\/\/feiradeciencias.pucpr.br\/2022\/#website","url":"https:\/\/feiradeciencias.pucpr.br\/2022\/","name":"Feira de Ci\u00eancias | PUCPR | 2022","description":"7\u00aa Feira de Ci\u00eancias J\u00fanior da PUCPR e 3\u00aa Mostra Paralela da PUCPR | 2023","publisher":{"@id":"https:\/\/feiradeciencias.pucpr.br\/2022\/#organization"},"potentialAction":[{"@type":"SearchAction","target":{"@type":"EntryPoint","urlTemplate":"https:\/\/feiradeciencias.pucpr.br\/2022\/?s={search_term_string}"},"query-input":{"@type":"PropertyValueSpecification","valueRequired":true,"valueName":"search_term_string"}}],"inLanguage":"pt-BR"},{"@type":"Organization","@id":"https:\/\/feiradeciencias.pucpr.br\/2022\/#organization","name":"Feira de Ci\u00eancias | PUCPR | 2022","url":"https:\/\/feiradeciencias.pucpr.br\/2022\/","logo":{"@type":"ImageObject","inLanguage":"pt-BR","@id":"https:\/\/feiradeciencias.pucpr.br\/2022\/#\/schema\/logo\/image\/","url":"https:\/\/feiradeciencias.pucpr.br\/2022\/wp-content\/uploads\/sites\/2\/2022\/05\/logo-puc-branca-horizontal.png","contentUrl":"https:\/\/feiradeciencias.pucpr.br\/2022\/wp-content\/uploads\/sites\/2\/2022\/05\/logo-puc-branca-horizontal.png","width":221,"height":100,"caption":"Feira de Ci\u00eancias | PUCPR | 2022"},"image":{"@id":"https:\/\/feiradeciencias.pucpr.br\/2022\/#\/schema\/logo\/image\/"}},{"@type":"Person","@id":"https:\/\/feiradeciencias.pucpr.br\/2022\/#\/schema\/person\/05b9255c260bb6bca53021119600142a","name":"manoelmaranhao","image":{"@type":"ImageObject","inLanguage":"pt-BR","@id":"https:\/\/secure.gravatar.com\/avatar\/68a369b1519bf951acc27e328a29a1858b2c7a8bd238111715658ac20bcb4391?s=96&d=mm&r=g","url":"https:\/\/secure.gravatar.com\/avatar\/68a369b1519bf951acc27e328a29a1858b2c7a8bd238111715658ac20bcb4391?s=96&d=mm&r=g","contentUrl":"https:\/\/secure.gravatar.com\/avatar\/68a369b1519bf951acc27e328a29a1858b2c7a8bd238111715658ac20bcb4391?s=96&d=mm&r=g","caption":"manoelmaranhao"},"url":"https:\/\/feiradeciencias.pucpr.br\/2022\/author\/manoelmaranhao\/"}]}},"_links":{"self":[{"href":"https:\/\/feiradeciencias.pucpr.br\/2022\/wp-json\/wp\/v2\/posts\/1338","targetHints":{"allow":["GET"]}}],"collection":[{"href":"https:\/\/feiradeciencias.pucpr.br\/2022\/wp-json\/wp\/v2\/posts"}],"about":[{"href":"https:\/\/feiradeciencias.pucpr.br\/2022\/wp-json\/wp\/v2\/types\/post"}],"author":[{"embeddable":true,"href":"https:\/\/feiradeciencias.pucpr.br\/2022\/wp-json\/wp\/v2\/users\/2"}],"replies":[{"embeddable":true,"href":"https:\/\/feiradeciencias.pucpr.br\/2022\/wp-json\/wp\/v2\/comments?post=1338"}],"version-history":[{"count":88,"href":"https:\/\/feiradeciencias.pucpr.br\/2022\/wp-json\/wp\/v2\/posts\/1338\/revisions"}],"predecessor-version":[{"id":1890,"href":"https:\/\/feiradeciencias.pucpr.br\/2022\/wp-json\/wp\/v2\/posts\/1338\/revisions\/1890"}],"wp:attachment":[{"href":"https:\/\/feiradeciencias.pucpr.br\/2022\/wp-json\/wp\/v2\/media?parent=1338"}],"wp:term":[{"taxonomy":"category","embeddable":true,"href":"https:\/\/feiradeciencias.pucpr.br\/2022\/wp-json\/wp\/v2\/categories?post=1338"},{"taxonomy":"post_tag","embeddable":true,"href":"https:\/\/feiradeciencias.pucpr.br\/2022\/wp-json\/wp\/v2\/tags?post=1338"}],"curies":[{"name":"wp","href":"https:\/\/api.w.org\/{rel}","templated":true}]}}