{"id":1628,"date":"2022-10-25T11:26:29","date_gmt":"2022-10-25T14:26:29","guid":{"rendered":"https:\/\/feiradeciencias.pucpr.br\/2023\/?p=1628"},"modified":"2023-03-20T17:59:37","modified_gmt":"2023-03-20T20:59:37","slug":"professor-destaque","status":"publish","type":"post","link":"https:\/\/feiradeciencias.pucpr.br\/2022\/professor-destaque\/","title":{"rendered":"PROFESSOR DESTAQUE"},"content":{"rendered":"\t\t<div data-elementor-type=\"wp-post\" data-elementor-id=\"1628\" class=\"elementor elementor-1628\" data-elementor-post-type=\"post\">\n\t\t\t\t\t\t<section class=\"elementor-section elementor-top-section elementor-element elementor-element-1727dd5 elementor-section-boxed elementor-section-height-default elementor-section-height-default\" data-id=\"1727dd5\" data-element_type=\"section\" data-e-type=\"section\">\n\t\t\t\t\t\t<div class=\"elementor-container elementor-column-gap-default\">\n\t\t\t\t\t<div class=\"elementor-column elementor-col-50 elementor-top-column elementor-element elementor-element-eda6b7d\" data-id=\"eda6b7d\" data-element_type=\"column\" data-e-type=\"column\">\n\t\t\t<div class=\"elementor-widget-wrap elementor-element-populated\">\n\t\t\t\t\t\t<div class=\"elementor-element elementor-element-6d81c19 elementor-widget elementor-widget-heading\" data-id=\"6d81c19\" data-element_type=\"widget\" data-e-type=\"widget\" data-widget_type=\"heading.default\">\n\t\t\t\t<div class=\"elementor-widget-container\">\n\t\t\t\t\t<h2 class=\"elementor-heading-title elementor-size-default\">Pr\u00eamio Professor Destaque em Educa\u00e7\u00e3o Cient\u00edfica<\/h2>\t\t\t\t<\/div>\n\t\t\t\t<\/div>\n\t\t\t\t\t<\/div>\n\t\t<\/div>\n\t\t\t\t<div class=\"elementor-column elementor-col-50 elementor-top-column elementor-element elementor-element-e20c963\" data-id=\"e20c963\" data-element_type=\"column\" data-e-type=\"column\">\n\t\t\t<div class=\"elementor-widget-wrap elementor-element-populated\">\n\t\t\t\t\t\t<div class=\"elementor-element elementor-element-1e11d4a elementor-widget elementor-widget-toggle\" data-id=\"1e11d4a\" data-element_type=\"widget\" data-e-type=\"widget\" data-widget_type=\"toggle.default\">\n\t\t\t\t<div class=\"elementor-widget-container\">\n\t\t\t\t\t\t\t<div class=\"elementor-toggle\">\n\t\t\t\t\t\t\t<div class=\"elementor-toggle-item\">\n\t\t\t\t\t<div id=\"elementor-tab-title-3151\" class=\"elementor-tab-title\" data-tab=\"1\" role=\"button\" aria-controls=\"elementor-tab-content-3151\" aria-expanded=\"false\">\n\t\t\t\t\t\t\t\t\t\t\t\t<span class=\"elementor-toggle-icon elementor-toggle-icon-left\" aria-hidden=\"true\">\n\t\t\t\t\t\t\t\t\t\t\t\t\t\t\t<span class=\"elementor-toggle-icon-closed\"><i class=\"fas fa-caret-right\"><\/i><\/span>\n\t\t\t\t\t\t\t\t<span class=\"elementor-toggle-icon-opened\"><i class=\"elementor-toggle-icon-opened fas fa-caret-up\"><\/i><\/span>\n\t\t\t\t\t\t\t\t\t\t\t\t\t<\/span>\n\t\t\t\t\t\t\t\t\t\t\t\t<a class=\"elementor-toggle-title\" tabindex=\"0\">Objetivo<\/a>\n\t\t\t\t\t<\/div>\n\n\t\t\t\t\t<div id=\"elementor-tab-content-3151\" class=\"elementor-tab-content elementor-clearfix\" data-tab=\"1\" role=\"region\" aria-labelledby=\"elementor-tab-title-3151\"><p>Reconhecer o trabalho de educa\u00e7\u00e3o cient\u00edfica de professores das escolas p\u00fablicas e privadas que empreendem atividades de Ensino de Ci\u00eancias e acompanham estudantes na realiza\u00e7\u00e3o de projetos de inicia\u00e7\u00e3o cient\u00edfica.<\/p><\/div>\n\t\t\t\t<\/div>\n\t\t\t\t\t\t\t<div class=\"elementor-toggle-item\">\n\t\t\t\t\t<div id=\"elementor-tab-title-3152\" class=\"elementor-tab-title\" data-tab=\"2\" role=\"button\" aria-controls=\"elementor-tab-content-3152\" aria-expanded=\"false\">\n\t\t\t\t\t\t\t\t\t\t\t\t<span class=\"elementor-toggle-icon elementor-toggle-icon-left\" aria-hidden=\"true\">\n\t\t\t\t\t\t\t\t\t\t\t\t\t\t\t<span class=\"elementor-toggle-icon-closed\"><i class=\"fas fa-caret-right\"><\/i><\/span>\n\t\t\t\t\t\t\t\t<span class=\"elementor-toggle-icon-opened\"><i class=\"elementor-toggle-icon-opened fas fa-caret-up\"><\/i><\/span>\n\t\t\t\t\t\t\t\t\t\t\t\t\t<\/span>\n\t\t\t\t\t\t\t\t\t\t\t\t<a class=\"elementor-toggle-title\" tabindex=\"0\">Professores eleg\u00edveis<\/a>\n\t\t\t\t\t<\/div>\n\n\t\t\t\t\t<div id=\"elementor-tab-content-3152\" class=\"elementor-tab-content elementor-clearfix\" data-tab=\"2\" role=\"region\" aria-labelledby=\"elementor-tab-title-3152\"><p>Todos os professores cadastrados em projetos selecionados da 8\u00aa Feira de Ci\u00eancias J\u00fanior da PUCPR ou da 4\u00aa Mostra Paralela de Ci\u00eancias J\u00fanior.<\/p><p><strong>Par\u00e1grafo \u00fanico:<\/strong> Caso o professor inscrito n\u00e3o tenha nenhum trabalho selecionado, ser\u00e1 automaticamente desqualificado da concorr\u00eancia do &#8220;Pr\u00eamio Professor Destaque em Educa\u00e7\u00e3o Cient\u00edfica&#8221;.<\/p><\/div>\n\t\t\t\t<\/div>\n\t\t\t\t\t\t\t<div class=\"elementor-toggle-item\">\n\t\t\t\t\t<div id=\"elementor-tab-title-3153\" class=\"elementor-tab-title\" data-tab=\"3\" role=\"button\" aria-controls=\"elementor-tab-content-3153\" aria-expanded=\"false\">\n\t\t\t\t\t\t\t\t\t\t\t\t<span class=\"elementor-toggle-icon elementor-toggle-icon-left\" aria-hidden=\"true\">\n\t\t\t\t\t\t\t\t\t\t\t\t\t\t\t<span class=\"elementor-toggle-icon-closed\"><i class=\"fas fa-caret-right\"><\/i><\/span>\n\t\t\t\t\t\t\t\t<span class=\"elementor-toggle-icon-opened\"><i class=\"elementor-toggle-icon-opened fas fa-caret-up\"><\/i><\/span>\n\t\t\t\t\t\t\t\t\t\t\t\t\t<\/span>\n\t\t\t\t\t\t\t\t\t\t\t\t<a class=\"elementor-toggle-title\" tabindex=\"0\">Sele\u00e7\u00e3o<\/a>\n\t\t\t\t\t<\/div>\n\n\t\t\t\t\t<div id=\"elementor-tab-content-3153\" class=\"elementor-tab-content elementor-clearfix\" data-tab=\"3\" role=\"region\" aria-labelledby=\"elementor-tab-title-3153\"><p>O professor dever\u00e1 preencher e enviar um formul\u00e1rio de inscri\u00e7\u00e3o online no momento da submiss\u00e3o dos trabalhos na 8\u00aa Feira de Ci\u00eancias J\u00fanior da PUCPR e na 4\u00aa Mostra Paralela de Ci\u00eancias J\u00fanior.<\/p><p>No formul\u00e1rio de inscri\u00e7\u00e3o o professor dever\u00e1 submeter um portf\u00f3lio (documento apresentando sua experi\u00eancia cient\u00edfica) e uma apresenta\u00e7\u00e3o em v\u00eddeo, pelo envio do link, com dura\u00e7\u00e3o entre 03 (tr\u00eas) e 5 (cinco) minutos, em que apresenta a sua atua\u00e7\u00e3o como professor e orientador.<\/p><p>A apresenta\u00e7\u00e3o dever\u00e1 conter os seguintes elementos:<\/p><ul><li>o percurso do professor na educa\u00e7\u00e3o cient\u00edfica;<\/li><li>o problema que gerou a experi\u00eancia de educa\u00e7\u00e3o cient\u00edfica;<\/li><li>o contexto geral em que a experi\u00eancia foi desenvolvida;<\/li><li>os sujeitos participantes das atividades desenvolvidas;<\/li><li>as atividades did\u00e1ticas utilizadas para a efetiva\u00e7\u00e3o dos objetivos;<\/li><li>os resultados alcan\u00e7ados na experi\u00eancia de educa\u00e7\u00e3o cient\u00edfica;<\/li><li>as considera\u00e7\u00f5es finais sobre a import\u00e2ncia\/relev\u00e2ncia da experi\u00eancia realizada.<\/li><\/ul><p>\u00a0<\/p><p>\u00a0<\/p><p>Ser\u00e3o selecionados at\u00e9 05 (cinco) candidatos pela comiss\u00e3o avaliadora composta por professores e pesquisadores da PUCPR, sendo os crit\u00e9rios de sele\u00e7\u00e3o: inova\u00e7\u00e3o, impacto e criatividade.<\/p><p>Durante o evento, os v\u00eddeos previamente submetidos pelos 05 (cinco) candidatos selecionados ser\u00e3o disponibilizados no site do evento para vota\u00e7\u00e3o popular durante os 02 (dois) primeiros dias de evento (24 e 25 de outubro).<\/p><p>A classifica\u00e7\u00e3o final dos 05 (cinco) professores selecionados ser\u00e1 obtida a partir da nota recebida pela comiss\u00e3o de sele\u00e7\u00e3o (0 a 10) que ser\u00e1 acrescida com 10% (dez por cento) para o professor que tiver maior vota\u00e7\u00e3o popular na apresenta\u00e7\u00e3o do seu v\u00eddeo no site do evento.<\/p><p>Crit\u00e9rios de desempate:<\/p><p><strong>1\u00ba<\/strong> &#8211; Ter trabalho premiado na 8\u00aa Feira de Ci\u00eancias J\u00fanior da PUCPR ou na 4\u00aa Mostra Paralela de Ci\u00eancias J\u00fanior;<\/p><p><strong>2\u00ba<\/strong> &#8211; A maior pontua\u00e7\u00e3o na avalia\u00e7\u00e3o da comiss\u00e3o avaliadora.<\/p><\/div>\n\t\t\t\t<\/div>\n\t\t\t\t\t\t\t<div class=\"elementor-toggle-item\">\n\t\t\t\t\t<div id=\"elementor-tab-title-3154\" class=\"elementor-tab-title\" data-tab=\"4\" role=\"button\" aria-controls=\"elementor-tab-content-3154\" aria-expanded=\"false\">\n\t\t\t\t\t\t\t\t\t\t\t\t<span class=\"elementor-toggle-icon elementor-toggle-icon-left\" aria-hidden=\"true\">\n\t\t\t\t\t\t\t\t\t\t\t\t\t\t\t<span class=\"elementor-toggle-icon-closed\"><i class=\"fas fa-caret-right\"><\/i><\/span>\n\t\t\t\t\t\t\t\t<span class=\"elementor-toggle-icon-opened\"><i class=\"elementor-toggle-icon-opened fas fa-caret-up\"><\/i><\/span>\n\t\t\t\t\t\t\t\t\t\t\t\t\t<\/span>\n\t\t\t\t\t\t\t\t\t\t\t\t<a class=\"elementor-toggle-title\" tabindex=\"0\">Premia\u00e7\u00e3o<\/a>\n\t\t\t\t\t<\/div>\n\n\t\t\t\t\t<div id=\"elementor-tab-content-3154\" class=\"elementor-tab-content elementor-clearfix\" data-tab=\"4\" role=\"region\" aria-labelledby=\"elementor-tab-title-3154\"><p>O an\u00fancio do \u201cProfessor Destaque em Educa\u00e7\u00e3o Cient\u00edfica\u201d do evento ser\u00e1 realizado na cerim\u00f4nia de encerramento. A premia\u00e7\u00e3o ser\u00e1 atribu\u00edda por meio de uma men\u00e7\u00e3o honrosa ao \u00a0professor melhor classificado.<\/p><\/div>\n\t\t\t\t<\/div>\n\t\t\t\t\t\t\t\t<\/div>\n\t\t\t\t\t\t<\/div>\n\t\t\t\t<\/div>\n\t\t\t\t\t<\/div>\n\t\t<\/div>\n\t\t\t\t\t<\/div>\n\t\t<\/section>\n\t\t\t\t<\/div>\n\t\t","protected":false},"excerpt":{"rendered":"<p>Pr\u00eamio Professor Destaque em Educa\u00e7\u00e3o Cient\u00edfica Objetivo Reconhecer o trabalho de educa\u00e7\u00e3o cient\u00edfica de professores das escolas p\u00fablicas e privadas que empreendem atividades de Ensino de Ci\u00eancias e acompanham estudantes na realiza\u00e7\u00e3o de projetos de inicia\u00e7\u00e3o cient\u00edfica. Professores eleg\u00edveis Todos os professores cadastrados em projetos selecionados da 8\u00aa Feira de Ci\u00eancias J\u00fanior da PUCPR ou [&hellip;]<\/p>\n","protected":false},"author":2,"featured_media":0,"comment_status":"open","ping_status":"open","sticky":false,"template":"","format":"standard","meta":{"_acf_changed":false,"footnotes":""},"categories":[1],"tags":[],"class_list":["post-1628","post","type-post","status-publish","format-standard","hentry","category-sem-categoria"],"acf":[],"yoast_head":"<!-- This site is optimized with the Yoast SEO plugin v27.4 - https:\/\/yoast.com\/product\/yoast-seo-wordpress\/ -->\n<title>PROFESSOR DESTAQUE - Feira de Ci\u00eancias | PUCPR | 2022<\/title>\n<meta name=\"robots\" content=\"index, follow, max-snippet:-1, max-image-preview:large, max-video-preview:-1\" \/>\n<link rel=\"canonical\" href=\"https:\/\/feiradeciencias.pucpr.br\/2022\/professor-destaque\/\" \/>\n<meta property=\"og:locale\" content=\"pt_BR\" \/>\n<meta property=\"og:type\" content=\"article\" \/>\n<meta property=\"og:title\" content=\"PROFESSOR DESTAQUE - Feira de Ci\u00eancias | PUCPR | 2022\" \/>\n<meta property=\"og:description\" content=\"Pr\u00eamio Professor Destaque em Educa\u00e7\u00e3o Cient\u00edfica Objetivo Reconhecer o trabalho de educa\u00e7\u00e3o cient\u00edfica de professores das escolas p\u00fablicas e privadas que empreendem atividades de Ensino de Ci\u00eancias e acompanham estudantes na realiza\u00e7\u00e3o de projetos de inicia\u00e7\u00e3o cient\u00edfica. Professores eleg\u00edveis Todos os professores cadastrados em projetos selecionados da 8\u00aa Feira de Ci\u00eancias J\u00fanior da PUCPR ou [&hellip;]\" \/>\n<meta property=\"og:url\" content=\"https:\/\/feiradeciencias.pucpr.br\/2022\/professor-destaque\/\" \/>\n<meta property=\"og:site_name\" content=\"Feira de Ci\u00eancias | PUCPR | 2022\" \/>\n<meta property=\"article:published_time\" content=\"2022-10-25T14:26:29+00:00\" \/>\n<meta property=\"article:modified_time\" content=\"2023-03-20T20:59:37+00:00\" \/>\n<meta name=\"author\" content=\"manoelmaranhao\" \/>\n<meta name=\"twitter:card\" content=\"summary_large_image\" \/>\n<meta name=\"twitter:label1\" content=\"Escrito por\" \/>\n\t<meta name=\"twitter:data1\" content=\"manoelmaranhao\" \/>\n\t<meta name=\"twitter:label2\" content=\"Est. tempo de leitura\" \/>\n\t<meta name=\"twitter:data2\" content=\"3 minutos\" \/>\n<script type=\"application\/ld+json\" class=\"yoast-schema-graph\">{\"@context\":\"https:\\\/\\\/schema.org\",\"@graph\":[{\"@type\":\"Article\",\"@id\":\"https:\\\/\\\/feiradeciencias.pucpr.br\\\/2022\\\/professor-destaque\\\/#article\",\"isPartOf\":{\"@id\":\"https:\\\/\\\/feiradeciencias.pucpr.br\\\/2022\\\/professor-destaque\\\/\"},\"author\":{\"name\":\"manoelmaranhao\",\"@id\":\"https:\\\/\\\/feiradeciencias.pucpr.br\\\/2022\\\/#\\\/schema\\\/person\\\/05b9255c260bb6bca53021119600142a\"},\"headline\":\"PROFESSOR DESTAQUE\",\"datePublished\":\"2022-10-25T14:26:29+00:00\",\"dateModified\":\"2023-03-20T20:59:37+00:00\",\"mainEntityOfPage\":{\"@id\":\"https:\\\/\\\/feiradeciencias.pucpr.br\\\/2022\\\/professor-destaque\\\/\"},\"wordCount\":465,\"commentCount\":0,\"publisher\":{\"@id\":\"https:\\\/\\\/feiradeciencias.pucpr.br\\\/2022\\\/#organization\"},\"inLanguage\":\"pt-BR\",\"potentialAction\":[{\"@type\":\"CommentAction\",\"name\":\"Comment\",\"target\":[\"https:\\\/\\\/feiradeciencias.pucpr.br\\\/2022\\\/professor-destaque\\\/#respond\"]}]},{\"@type\":\"WebPage\",\"@id\":\"https:\\\/\\\/feiradeciencias.pucpr.br\\\/2022\\\/professor-destaque\\\/\",\"url\":\"https:\\\/\\\/feiradeciencias.pucpr.br\\\/2022\\\/professor-destaque\\\/\",\"name\":\"PROFESSOR DESTAQUE - Feira de Ci\u00eancias | PUCPR | 2022\",\"isPartOf\":{\"@id\":\"https:\\\/\\\/feiradeciencias.pucpr.br\\\/2022\\\/#website\"},\"datePublished\":\"2022-10-25T14:26:29+00:00\",\"dateModified\":\"2023-03-20T20:59:37+00:00\",\"breadcrumb\":{\"@id\":\"https:\\\/\\\/feiradeciencias.pucpr.br\\\/2022\\\/professor-destaque\\\/#breadcrumb\"},\"inLanguage\":\"pt-BR\",\"potentialAction\":[{\"@type\":\"ReadAction\",\"target\":[\"https:\\\/\\\/feiradeciencias.pucpr.br\\\/2022\\\/professor-destaque\\\/\"]}]},{\"@type\":\"BreadcrumbList\",\"@id\":\"https:\\\/\\\/feiradeciencias.pucpr.br\\\/2022\\\/professor-destaque\\\/#breadcrumb\",\"itemListElement\":[{\"@type\":\"ListItem\",\"position\":1,\"name\":\"In\u00edcio\",\"item\":\"https:\\\/\\\/feiradeciencias.pucpr.br\\\/2022\\\/\"},{\"@type\":\"ListItem\",\"position\":2,\"name\":\"PROFESSOR DESTAQUE\"}]},{\"@type\":\"WebSite\",\"@id\":\"https:\\\/\\\/feiradeciencias.pucpr.br\\\/2022\\\/#website\",\"url\":\"https:\\\/\\\/feiradeciencias.pucpr.br\\\/2022\\\/\",\"name\":\"Feira de Ci\u00eancias | PUCPR | 2022\",\"description\":\"7\u00aa Feira de Ci\u00eancias J\u00fanior da PUCPR e 3\u00aa Mostra Paralela da PUCPR | 2023\",\"publisher\":{\"@id\":\"https:\\\/\\\/feiradeciencias.pucpr.br\\\/2022\\\/#organization\"},\"potentialAction\":[{\"@type\":\"SearchAction\",\"target\":{\"@type\":\"EntryPoint\",\"urlTemplate\":\"https:\\\/\\\/feiradeciencias.pucpr.br\\\/2022\\\/?s={search_term_string}\"},\"query-input\":{\"@type\":\"PropertyValueSpecification\",\"valueRequired\":true,\"valueName\":\"search_term_string\"}}],\"inLanguage\":\"pt-BR\"},{\"@type\":\"Organization\",\"@id\":\"https:\\\/\\\/feiradeciencias.pucpr.br\\\/2022\\\/#organization\",\"name\":\"Feira de Ci\u00eancias | PUCPR | 2022\",\"url\":\"https:\\\/\\\/feiradeciencias.pucpr.br\\\/2022\\\/\",\"logo\":{\"@type\":\"ImageObject\",\"inLanguage\":\"pt-BR\",\"@id\":\"https:\\\/\\\/feiradeciencias.pucpr.br\\\/2022\\\/#\\\/schema\\\/logo\\\/image\\\/\",\"url\":\"https:\\\/\\\/feiradeciencias.pucpr.br\\\/2022\\\/wp-content\\\/uploads\\\/sites\\\/2\\\/2022\\\/05\\\/logo-puc-branca-horizontal.png\",\"contentUrl\":\"https:\\\/\\\/feiradeciencias.pucpr.br\\\/2022\\\/wp-content\\\/uploads\\\/sites\\\/2\\\/2022\\\/05\\\/logo-puc-branca-horizontal.png\",\"width\":221,\"height\":100,\"caption\":\"Feira de Ci\u00eancias | PUCPR | 2022\"},\"image\":{\"@id\":\"https:\\\/\\\/feiradeciencias.pucpr.br\\\/2022\\\/#\\\/schema\\\/logo\\\/image\\\/\"}},{\"@type\":\"Person\",\"@id\":\"https:\\\/\\\/feiradeciencias.pucpr.br\\\/2022\\\/#\\\/schema\\\/person\\\/05b9255c260bb6bca53021119600142a\",\"name\":\"manoelmaranhao\",\"image\":{\"@type\":\"ImageObject\",\"inLanguage\":\"pt-BR\",\"@id\":\"https:\\\/\\\/secure.gravatar.com\\\/avatar\\\/68a369b1519bf951acc27e328a29a1858b2c7a8bd238111715658ac20bcb4391?s=96&d=mm&r=g\",\"url\":\"https:\\\/\\\/secure.gravatar.com\\\/avatar\\\/68a369b1519bf951acc27e328a29a1858b2c7a8bd238111715658ac20bcb4391?s=96&d=mm&r=g\",\"contentUrl\":\"https:\\\/\\\/secure.gravatar.com\\\/avatar\\\/68a369b1519bf951acc27e328a29a1858b2c7a8bd238111715658ac20bcb4391?s=96&d=mm&r=g\",\"caption\":\"manoelmaranhao\"},\"url\":\"https:\\\/\\\/feiradeciencias.pucpr.br\\\/2022\\\/author\\\/manoelmaranhao\\\/\"}]}<\/script>\n<!-- \/ Yoast SEO plugin. -->","yoast_head_json":{"title":"PROFESSOR DESTAQUE - Feira de Ci\u00eancias | PUCPR | 2022","robots":{"index":"index","follow":"follow","max-snippet":"max-snippet:-1","max-image-preview":"max-image-preview:large","max-video-preview":"max-video-preview:-1"},"canonical":"https:\/\/feiradeciencias.pucpr.br\/2022\/professor-destaque\/","og_locale":"pt_BR","og_type":"article","og_title":"PROFESSOR DESTAQUE - Feira de Ci\u00eancias | PUCPR | 2022","og_description":"Pr\u00eamio Professor Destaque em Educa\u00e7\u00e3o Cient\u00edfica Objetivo Reconhecer o trabalho de educa\u00e7\u00e3o cient\u00edfica de professores das escolas p\u00fablicas e privadas que empreendem atividades de Ensino de Ci\u00eancias e acompanham estudantes na realiza\u00e7\u00e3o de projetos de inicia\u00e7\u00e3o cient\u00edfica. Professores eleg\u00edveis Todos os professores cadastrados em projetos selecionados da 8\u00aa Feira de Ci\u00eancias J\u00fanior da PUCPR ou [&hellip;]","og_url":"https:\/\/feiradeciencias.pucpr.br\/2022\/professor-destaque\/","og_site_name":"Feira de Ci\u00eancias | PUCPR | 2022","article_published_time":"2022-10-25T14:26:29+00:00","article_modified_time":"2023-03-20T20:59:37+00:00","author":"manoelmaranhao","twitter_card":"summary_large_image","twitter_misc":{"Escrito por":"manoelmaranhao","Est. tempo de leitura":"3 minutos"},"schema":{"@context":"https:\/\/schema.org","@graph":[{"@type":"Article","@id":"https:\/\/feiradeciencias.pucpr.br\/2022\/professor-destaque\/#article","isPartOf":{"@id":"https:\/\/feiradeciencias.pucpr.br\/2022\/professor-destaque\/"},"author":{"name":"manoelmaranhao","@id":"https:\/\/feiradeciencias.pucpr.br\/2022\/#\/schema\/person\/05b9255c260bb6bca53021119600142a"},"headline":"PROFESSOR DESTAQUE","datePublished":"2022-10-25T14:26:29+00:00","dateModified":"2023-03-20T20:59:37+00:00","mainEntityOfPage":{"@id":"https:\/\/feiradeciencias.pucpr.br\/2022\/professor-destaque\/"},"wordCount":465,"commentCount":0,"publisher":{"@id":"https:\/\/feiradeciencias.pucpr.br\/2022\/#organization"},"inLanguage":"pt-BR","potentialAction":[{"@type":"CommentAction","name":"Comment","target":["https:\/\/feiradeciencias.pucpr.br\/2022\/professor-destaque\/#respond"]}]},{"@type":"WebPage","@id":"https:\/\/feiradeciencias.pucpr.br\/2022\/professor-destaque\/","url":"https:\/\/feiradeciencias.pucpr.br\/2022\/professor-destaque\/","name":"PROFESSOR DESTAQUE - Feira de Ci\u00eancias | PUCPR | 2022","isPartOf":{"@id":"https:\/\/feiradeciencias.pucpr.br\/2022\/#website"},"datePublished":"2022-10-25T14:26:29+00:00","dateModified":"2023-03-20T20:59:37+00:00","breadcrumb":{"@id":"https:\/\/feiradeciencias.pucpr.br\/2022\/professor-destaque\/#breadcrumb"},"inLanguage":"pt-BR","potentialAction":[{"@type":"ReadAction","target":["https:\/\/feiradeciencias.pucpr.br\/2022\/professor-destaque\/"]}]},{"@type":"BreadcrumbList","@id":"https:\/\/feiradeciencias.pucpr.br\/2022\/professor-destaque\/#breadcrumb","itemListElement":[{"@type":"ListItem","position":1,"name":"In\u00edcio","item":"https:\/\/feiradeciencias.pucpr.br\/2022\/"},{"@type":"ListItem","position":2,"name":"PROFESSOR DESTAQUE"}]},{"@type":"WebSite","@id":"https:\/\/feiradeciencias.pucpr.br\/2022\/#website","url":"https:\/\/feiradeciencias.pucpr.br\/2022\/","name":"Feira de Ci\u00eancias | PUCPR | 2022","description":"7\u00aa Feira de Ci\u00eancias J\u00fanior da PUCPR e 3\u00aa Mostra Paralela da PUCPR | 2023","publisher":{"@id":"https:\/\/feiradeciencias.pucpr.br\/2022\/#organization"},"potentialAction":[{"@type":"SearchAction","target":{"@type":"EntryPoint","urlTemplate":"https:\/\/feiradeciencias.pucpr.br\/2022\/?s={search_term_string}"},"query-input":{"@type":"PropertyValueSpecification","valueRequired":true,"valueName":"search_term_string"}}],"inLanguage":"pt-BR"},{"@type":"Organization","@id":"https:\/\/feiradeciencias.pucpr.br\/2022\/#organization","name":"Feira de Ci\u00eancias | PUCPR | 2022","url":"https:\/\/feiradeciencias.pucpr.br\/2022\/","logo":{"@type":"ImageObject","inLanguage":"pt-BR","@id":"https:\/\/feiradeciencias.pucpr.br\/2022\/#\/schema\/logo\/image\/","url":"https:\/\/feiradeciencias.pucpr.br\/2022\/wp-content\/uploads\/sites\/2\/2022\/05\/logo-puc-branca-horizontal.png","contentUrl":"https:\/\/feiradeciencias.pucpr.br\/2022\/wp-content\/uploads\/sites\/2\/2022\/05\/logo-puc-branca-horizontal.png","width":221,"height":100,"caption":"Feira de Ci\u00eancias | PUCPR | 2022"},"image":{"@id":"https:\/\/feiradeciencias.pucpr.br\/2022\/#\/schema\/logo\/image\/"}},{"@type":"Person","@id":"https:\/\/feiradeciencias.pucpr.br\/2022\/#\/schema\/person\/05b9255c260bb6bca53021119600142a","name":"manoelmaranhao","image":{"@type":"ImageObject","inLanguage":"pt-BR","@id":"https:\/\/secure.gravatar.com\/avatar\/68a369b1519bf951acc27e328a29a1858b2c7a8bd238111715658ac20bcb4391?s=96&d=mm&r=g","url":"https:\/\/secure.gravatar.com\/avatar\/68a369b1519bf951acc27e328a29a1858b2c7a8bd238111715658ac20bcb4391?s=96&d=mm&r=g","contentUrl":"https:\/\/secure.gravatar.com\/avatar\/68a369b1519bf951acc27e328a29a1858b2c7a8bd238111715658ac20bcb4391?s=96&d=mm&r=g","caption":"manoelmaranhao"},"url":"https:\/\/feiradeciencias.pucpr.br\/2022\/author\/manoelmaranhao\/"}]}},"_links":{"self":[{"href":"https:\/\/feiradeciencias.pucpr.br\/2022\/wp-json\/wp\/v2\/posts\/1628","targetHints":{"allow":["GET"]}}],"collection":[{"href":"https:\/\/feiradeciencias.pucpr.br\/2022\/wp-json\/wp\/v2\/posts"}],"about":[{"href":"https:\/\/feiradeciencias.pucpr.br\/2022\/wp-json\/wp\/v2\/types\/post"}],"author":[{"embeddable":true,"href":"https:\/\/feiradeciencias.pucpr.br\/2022\/wp-json\/wp\/v2\/users\/2"}],"replies":[{"embeddable":true,"href":"https:\/\/feiradeciencias.pucpr.br\/2022\/wp-json\/wp\/v2\/comments?post=1628"}],"version-history":[{"count":20,"href":"https:\/\/feiradeciencias.pucpr.br\/2022\/wp-json\/wp\/v2\/posts\/1628\/revisions"}],"predecessor-version":[{"id":2066,"href":"https:\/\/feiradeciencias.pucpr.br\/2022\/wp-json\/wp\/v2\/posts\/1628\/revisions\/2066"}],"wp:attachment":[{"href":"https:\/\/feiradeciencias.pucpr.br\/2022\/wp-json\/wp\/v2\/media?parent=1628"}],"wp:term":[{"taxonomy":"category","embeddable":true,"href":"https:\/\/feiradeciencias.pucpr.br\/2022\/wp-json\/wp\/v2\/categories?post=1628"},{"taxonomy":"post_tag","embeddable":true,"href":"https:\/\/feiradeciencias.pucpr.br\/2022\/wp-json\/wp\/v2\/tags?post=1628"}],"curies":[{"name":"wp","href":"https:\/\/api.w.org\/{rel}","templated":true}]}}