{"id":127,"date":"2022-05-17T11:31:12","date_gmt":"2022-05-17T14:31:12","guid":{"rendered":"https:\/\/feiradeciencias.pucpr.br\/2023\/?p=127"},"modified":"2022-07-27T09:43:24","modified_gmt":"2022-07-27T12:43:24","slug":"premiacao-1","status":"publish","type":"post","link":"https:\/\/feiradeciencias.pucpr.br\/2023\/premiacao-1\/","title":{"rendered":"PREMIA\u00c7\u00c3O"},"content":{"rendered":"\t\t<div data-elementor-type=\"wp-post\" data-elementor-id=\"127\" class=\"elementor elementor-127\" data-elementor-post-type=\"post\">\n\t\t\t\t\t\t<section class=\"elementor-section elementor-top-section elementor-element elementor-element-5e6c737 elementor-section-boxed elementor-section-height-default elementor-section-height-default\" data-id=\"5e6c737\" data-element_type=\"section\" data-e-type=\"section\">\n\t\t\t\t\t\t<div class=\"elementor-container elementor-column-gap-default\">\n\t\t\t\t\t<div class=\"elementor-column elementor-col-100 elementor-top-column elementor-element elementor-element-8821456\" data-id=\"8821456\" data-element_type=\"column\" data-e-type=\"column\">\n\t\t\t<div class=\"elementor-widget-wrap elementor-element-populated\">\n\t\t\t\t\t\t<div class=\"elementor-element elementor-element-801dd60 elementor-widget elementor-widget-text-editor\" data-id=\"801dd60\" data-element_type=\"widget\" data-e-type=\"widget\" data-widget_type=\"text-editor.default\">\n\t\t\t\t<div class=\"elementor-widget-container\">\n\t\t\t\t\t\t\t\t\t<p>Os melhores trabalhos concorrer\u00e3o a premia\u00e7\u00e3o, inclusive bolsas de Inicia\u00e7\u00e3o Cient\u00edfica Junior. Uma novidade desse ano \u00e9 o \u201d Pr\u00eamio Professor Destaque em Educa\u00e7\u00e3o Cient\u00edfica\u201d estabelecido para prestigiar os professores que fazem a diferen\u00e7a na vida de seus estudantes e na educa\u00e7\u00e3o brasileira!\u00a0 Para saber mais sobre a premia\u00e7\u00e3o<\/p>\t\t\t\t\t\t\t\t<\/div>\n\t\t\t\t<\/div>\n\t\t\t\t\t<\/div>\n\t\t<\/div>\n\t\t\t\t\t<\/div>\n\t\t<\/section>\n\t\t\t\t<section class=\"elementor-section elementor-top-section elementor-element elementor-element-4b38092 elementor-section-boxed elementor-section-height-default elementor-section-height-default\" data-id=\"4b38092\" data-element_type=\"section\" data-e-type=\"section\">\n\t\t\t\t\t\t<div class=\"elementor-container elementor-column-gap-default\">\n\t\t\t\t\t<div class=\"elementor-column elementor-col-50 elementor-top-column elementor-element elementor-element-b9e1a1b\" data-id=\"b9e1a1b\" data-element_type=\"column\" data-e-type=\"column\">\n\t\t\t<div class=\"elementor-widget-wrap elementor-element-populated\">\n\t\t\t\t\t\t<div class=\"elementor-element elementor-element-abf0715 elementor-widget elementor-widget-heading\" data-id=\"abf0715\" data-element_type=\"widget\" data-e-type=\"widget\" data-widget_type=\"heading.default\">\n\t\t\t\t<div class=\"elementor-widget-container\">\n\t\t\t\t\t<h4 class=\"elementor-heading-title elementor-size-default\">6\u00aa Feira de Ci\u00eancias J\u00fanior da PUCPR<\/h4>\t\t\t\t<\/div>\n\t\t\t\t<\/div>\n\t\t\t\t<div class=\"elementor-element elementor-element-caba7a8 elementor-widget elementor-widget-html\" data-id=\"caba7a8\" data-element_type=\"widget\" data-e-type=\"widget\" data-widget_type=\"html.default\">\n\t\t\t\t<div class=\"elementor-widget-container\">\n\t\t\t\t\t<iframe src=\"https:\/\/drive.google.com\/file\/d\/1jyGkCFjLtRKJoHhu_ERvBdQffh_J4PZk\/preview\" width=\"100%\" height=\"300\" allow=\"autoplay\"><\/iframe>\t\t\t\t<\/div>\n\t\t\t\t<\/div>\n\t\t\t\t<div class=\"elementor-element elementor-element-2dc72a7 elementor-widget elementor-widget-html\" data-id=\"2dc72a7\" data-element_type=\"widget\" data-e-type=\"widget\" data-widget_type=\"html.default\">\n\t\t\t\t<div class=\"elementor-widget-container\">\n\t\t\t\t\t<iframe src=\"https:\/\/drive.google.com\/file\/d\/1cItHrbaYQCsR1bd6XWfbKNSyNNJeDJP6\/preview\" width=\"100%\" height=\"300\" allow=\"autoplay\"><\/iframe>\t\t\t\t<\/div>\n\t\t\t\t<\/div>\n\t\t\t\t<div class=\"elementor-element elementor-element-ac935ca elementor-widget elementor-widget-text-editor\" data-id=\"ac935ca\" data-element_type=\"widget\" data-e-type=\"widget\" data-widget_type=\"text-editor.default\">\n\t\t\t\t<div class=\"elementor-widget-container\">\n\t\t\t\t\t\t\t\t\t<p><strong>Edital<\/strong>:\u00a0<strong><a href=\"https:\/\/drive.google.com\/file\/d\/1Lg5WJIEsj4c-LVSL0skMEgfp6QS5EIxh\/view?usp=sharing\" target=\"_blank\" rel=\"noreferrer noopener\">EDITAL 26_2021 \u2013 Edital de Premia\u00e7\u00e3o da\u00a06\u00aa Feira de Ci\u00eancias J\u00fanior da PUCPR<\/a><\/strong><\/p>\t\t\t\t\t\t\t\t<\/div>\n\t\t\t\t<\/div>\n\t\t\t\t<div class=\"elementor-element elementor-element-ad68ff7 elementor-widget elementor-widget-text-editor\" data-id=\"ad68ff7\" data-element_type=\"widget\" data-e-type=\"widget\" data-widget_type=\"text-editor.default\">\n\t\t\t\t<div class=\"elementor-widget-container\">\n\t\t\t\t\t\t\t\t\t<p><strong>Categorias:<\/strong><\/p>\n<p><strong>Categoria feminina ensino m\u00e9dio e t\u00e9cnico livre ou ensino m\u00e9dio e t\u00e9cnico 1\u00ba ano<\/strong><br \/>1\u00ba, 2\u00ba e 3\u00ba lugar:\u00a0 declara\u00e7\u00e3o classificat\u00f3ria.<br \/>*Se equipe vencedora for do ensino m\u00e9dio e t\u00e9cnico 1\u00ba ano: 1 bolsa de Inicia\u00e7\u00e3o Cient\u00edfica J\u00fanior da PUCPR para cada estudante.<br \/>**Bolsa \u00e9 aplic\u00e1vel apenas para estudantes de escolas\/col\u00e9gios de Curitiba e regi\u00e3o metropolitana.<br \/>\u00a0<br \/><strong>Categoria ensino m\u00e9dio e t\u00e9cnico 1\u00ba ano<\/strong><br \/>1\u00ba, 2\u00ba e 3\u00ba lugar: 1 bolsa de Inicia\u00e7\u00e3o Cient\u00edfica J\u00fanior da PUCPR e declara\u00e7\u00e3o classifica\u00e7\u00e3o para cada estudante.<br \/>*Bolsa \u00e9 aplic\u00e1vel apenas para estudantes de escolas\/col\u00e9gios de Curitiba e regi\u00e3o metropolitana.<br \/>\u00a0<br \/><strong>Categoria ensino m\u00e9dio e t\u00e9cnico livre<\/strong><br \/>1\u00ba, 2\u00ba e 3\u00ba lugar: declara\u00e7\u00e3o classificat\u00f3ria.<br \/>\u00a0<br \/><strong>Categoria ensino fundamental II<\/strong><br \/>1\u00ba lugar: declara\u00e7\u00e3o classificat\u00f3ria.<br \/>*Se equipe for do 9\u00ba ano e aprovados para o 1\u00aa ano de Ensino M\u00e9dio de escolas\/col\u00e9gios de Curitiba e regi\u00e3o metropolitana, receber\u00e3o, ainda, bolsas de Inicia\u00e7\u00e3o Cient\u00edfica J\u00fanior em 2021.<br \/>\u00a0<br \/><strong>Categoria Potencial Empreendedor<\/strong><br \/>Projetos premiados como Potencial Empreendedor far\u00e3o imers\u00e3o na Hotmilk, Ecossistema de Inova\u00e7\u00e3o da PUCPR. (Para conhecer mais sobre a Hotmilk, acesse\u00a0<a href=\"https:\/\/hotmilk.pucpr.br\/\">https:\/\/hotmilk.pucpr.br\/<\/a>).<\/p>\n<p><strong>Categoria Vota\u00e7\u00e3o Popular<\/strong><br \/>1\u00ba lugar: men\u00e7\u00e3o honrosa.<\/p>\t\t\t\t\t\t\t\t<\/div>\n\t\t\t\t<\/div>\n\t\t\t\t\t<\/div>\n\t\t<\/div>\n\t\t\t\t<div class=\"elementor-column elementor-col-50 elementor-top-column elementor-element elementor-element-cc0a0f1\" data-id=\"cc0a0f1\" data-element_type=\"column\" data-e-type=\"column\">\n\t\t\t<div class=\"elementor-widget-wrap elementor-element-populated\">\n\t\t\t\t\t\t<div class=\"elementor-element elementor-element-a797120 elementor-widget elementor-widget-heading\" data-id=\"a797120\" data-element_type=\"widget\" data-e-type=\"widget\" data-widget_type=\"heading.default\">\n\t\t\t\t<div class=\"elementor-widget-container\">\n\t\t\t\t\t<h4 class=\"elementor-heading-title elementor-size-default\">4\u00aa Feira de Ci\u00eancias J\u00fanior da PUCPR \u2013 campus Maring\u00e1\n<\/h4>\t\t\t\t<\/div>\n\t\t\t\t<\/div>\n\t\t\t\t<div class=\"elementor-element elementor-element-15993ef elementor-widget elementor-widget-html\" data-id=\"15993ef\" data-element_type=\"widget\" data-e-type=\"widget\" data-widget_type=\"html.default\">\n\t\t\t\t<div class=\"elementor-widget-container\">\n\t\t\t\t\t<iframe src=\"https:\/\/drive.google.com\/file\/d\/1t7FD-JcsFUOTC3dDJnELzSLDKbvty6WD\/preview\" width=\"100%\" height=\"300\" allow=\"autoplay\"><\/iframe>\t\t\t\t<\/div>\n\t\t\t\t<\/div>\n\t\t\t\t<div class=\"elementor-element elementor-element-510b7b5 elementor-widget elementor-widget-text-editor\" data-id=\"510b7b5\" data-element_type=\"widget\" data-e-type=\"widget\" data-widget_type=\"text-editor.default\">\n\t\t\t\t<div class=\"elementor-widget-container\">\n\t\t\t\t\t\t\t\t\t<p><strong>Edital:\u00a0<a href=\"https:\/\/drive.google.com\/file\/d\/1u-jW5ZTkESUxq3WBviHa1ChddDXxAK6X\/view?usp=sharing\" target=\"_blank\" rel=\"noreferrer noopener\">EDITAL 06-2021 \u2013 Edital de Premia\u00e7\u00e3o da 4a Feira de Ci\u00eancias J\u00fanior \u2013 Campus Maring\u00e1 e da 2a Mostra Paralela de Ci\u00eancias Jr da PUCPR<\/a><\/strong><\/p>\t\t\t\t\t\t\t\t<\/div>\n\t\t\t\t<\/div>\n\t\t\t\t<div class=\"elementor-element elementor-element-375ac26 elementor-widget elementor-widget-text-editor\" data-id=\"375ac26\" data-element_type=\"widget\" data-e-type=\"widget\" data-widget_type=\"text-editor.default\">\n\t\t\t\t<div class=\"elementor-widget-container\">\n\t\t\t\t\t\t\t\t\t<p><strong>Categorias:<\/strong><\/p>\n<p><strong>Categoria feminina ensino m\u00e9dio e t\u00e9cnico livre ou ensino m\u00e9dio e t\u00e9cnico 1\u00ba ano<\/strong><br \/>1\u00ba, 2\u00ba e 3\u00ba lugar:\u00a0 declara\u00e7\u00e3o classificat\u00f3ria.<br \/>\u00a0<br \/><strong>Categoria ensino m\u00e9dio e t\u00e9cnico 1\u00ba ano<\/strong><br \/>1\u00ba, 2\u00ba e 3\u00ba lugar: declara\u00e7\u00e3o classifica\u00e7\u00e3o.<br \/>\u00a0<br \/><strong>Categoria ensino m\u00e9dio e t\u00e9cnico livre<\/strong><br \/>1\u00ba, 2\u00ba e 3\u00ba lugar:\u00a0 declara\u00e7\u00e3o classificat\u00f3ria.<br \/>\u00a0<br \/><strong>Categoria ensino fundamental II<\/strong><br \/>1\u00ba lugar: declara\u00e7\u00e3o classificat\u00f3ria.<br \/>\u00a0<br \/><strong>Categoria Vota\u00e7\u00e3o Popular<\/strong><br \/>1\u00ba lugar: men\u00e7\u00e3o honrosa.<\/p>\t\t\t\t\t\t\t\t<\/div>\n\t\t\t\t<\/div>\n\t\t\t\t\t<\/div>\n\t\t<\/div>\n\t\t\t\t\t<\/div>\n\t\t<\/section>\n\t\t\t\t<section class=\"elementor-section elementor-top-section elementor-element elementor-element-0ff66d5 elementor-section-boxed elementor-section-height-default elementor-section-height-default\" data-id=\"0ff66d5\" data-element_type=\"section\" data-e-type=\"section\" data-settings=\"{&quot;background_background&quot;:&quot;classic&quot;}\">\n\t\t\t\t\t\t<div class=\"elementor-container elementor-column-gap-default\">\n\t\t\t\t\t<div class=\"elementor-column elementor-col-50 elementor-top-column elementor-element elementor-element-189df1b\" data-id=\"189df1b\" data-element_type=\"column\" data-e-type=\"column\">\n\t\t\t<div class=\"elementor-widget-wrap elementor-element-populated\">\n\t\t\t\t\t\t<div class=\"elementor-element elementor-element-2572826 elementor-widget elementor-widget-heading\" data-id=\"2572826\" data-element_type=\"widget\" data-e-type=\"widget\" data-widget_type=\"heading.default\">\n\t\t\t\t<div class=\"elementor-widget-container\">\n\t\t\t\t\t<h4 class=\"elementor-heading-title elementor-size-default\">2\u00aa Mostra Paralela da PUCPR\n\n<\/h4>\t\t\t\t<\/div>\n\t\t\t\t<\/div>\n\t\t\t\t<div class=\"elementor-element elementor-element-1556185 elementor-widget elementor-widget-html\" data-id=\"1556185\" data-element_type=\"widget\" data-e-type=\"widget\" data-widget_type=\"html.default\">\n\t\t\t\t<div class=\"elementor-widget-container\">\n\t\t\t\t\t<iframe src=\"https:\/\/drive.google.com\/file\/d\/1t7FD-JcsFUOTC3dDJnELzSLDKbvty6WD\/preview\" width=\"100%\" height=\"300\" allow=\"autoplay\"><\/iframe>\t\t\t\t<\/div>\n\t\t\t\t<\/div>\n\t\t\t\t<div class=\"elementor-element elementor-element-cd7f29f elementor-widget elementor-widget-html\" data-id=\"cd7f29f\" data-element_type=\"widget\" data-e-type=\"widget\" data-widget_type=\"html.default\">\n\t\t\t\t<div class=\"elementor-widget-container\">\n\t\t\t\t\t<iframe src=\"https:\/\/drive.google.com\/file\/d\/1ZKQUGVT2nRhSJeSI2n_dZG72WoukdBiq\/preview\" width=\"100%\" height=\"300\" allow=\"autoplay\"><\/iframe>\t\t\t\t<\/div>\n\t\t\t\t<\/div>\n\t\t\t\t<div class=\"elementor-element elementor-element-541a451 elementor-widget elementor-widget-text-editor\" data-id=\"541a451\" data-element_type=\"widget\" data-e-type=\"widget\" data-widget_type=\"text-editor.default\">\n\t\t\t\t<div class=\"elementor-widget-container\">\n\t\t\t\t\t\t\t\t\t<p><strong>Edital:\u00a0<a href=\"https:\/\/drive.google.com\/file\/d\/1u-jW5ZTkESUxq3WBviHa1ChddDXxAK6X\/view?usp=sharing\" target=\"_blank\" rel=\"noreferrer noopener\">EDITAL 06-2021 \u2013 Edital de Premia\u00e7\u00e3o da 4a Feira de Ci\u00eancias J\u00fanior \u2013 Campus Maring\u00e1 e da 2a Mostra Paralela de Ci\u00eancias Jr da PUCPR<\/a><\/strong><\/p>\t\t\t\t\t\t\t\t<\/div>\n\t\t\t\t<\/div>\n\t\t\t\t<div class=\"elementor-element elementor-element-e4e2caf elementor-widget elementor-widget-text-editor\" data-id=\"e4e2caf\" data-element_type=\"widget\" data-e-type=\"widget\" data-widget_type=\"text-editor.default\">\n\t\t\t\t<div class=\"elementor-widget-container\">\n\t\t\t\t\t\t\t\t\t<p><strong>Categorias:<\/strong><\/p>\n<p><strong>Categoria Mostra Paralela<\/strong><br \/>1\u00ba, 2\u00ba e 3\u00ba lugar:\u00a0 declara\u00e7\u00e3o classificat\u00f3ria.<br \/>\u00a0<br \/><strong>Categoria Aclama\u00e7\u00e3o Popular<\/strong><br \/>1\u00ba lugar: men\u00e7\u00e3o honrosa.<\/p>\t\t\t\t\t\t\t\t<\/div>\n\t\t\t\t<\/div>\n\t\t\t\t\t<\/div>\n\t\t<\/div>\n\t\t\t\t<div class=\"elementor-column elementor-col-50 elementor-top-column elementor-element elementor-element-bce9ff9\" data-id=\"bce9ff9\" data-element_type=\"column\" data-e-type=\"column\">\n\t\t\t<div class=\"elementor-widget-wrap\">\n\t\t\t\t\t\t\t<\/div>\n\t\t<\/div>\n\t\t\t\t\t<\/div>\n\t\t<\/section>\n\t\t\t\t<\/div>\n\t\t","protected":false},"excerpt":{"rendered":"<p>Os melhores trabalhos concorrer\u00e3o a premia\u00e7\u00e3o, inclusive bolsas de Inicia\u00e7\u00e3o Cient\u00edfica Junior. Uma novidade desse ano \u00e9 o \u201d Pr\u00eamio Professor Destaque em Educa\u00e7\u00e3o Cient\u00edfica\u201d estabelecido para prestigiar os professores que fazem a diferen\u00e7a na vida de seus estudantes e na educa\u00e7\u00e3o brasileira!\u00a0 Para saber mais sobre a premia\u00e7\u00e3o 6\u00aa Feira de Ci\u00eancias J\u00fanior da [&hellip;]<\/p>\n","protected":false},"author":2,"featured_media":0,"comment_status":"open","ping_status":"open","sticky":false,"template":"","format":"standard","meta":{"_acf_changed":false,"footnotes":""},"categories":[1],"tags":[],"class_list":["post-127","post","type-post","status-publish","format-standard","hentry","category-sem-categoria"],"acf":[],"yoast_head":"<!-- This site is optimized with the Yoast SEO plugin v27.4 - https:\/\/yoast.com\/product\/yoast-seo-wordpress\/ -->\n<title>PREMIA\u00c7\u00c3O - Feira de Ci\u00eancias PUCPR | 2023<\/title>\n<meta name=\"robots\" content=\"index, follow, max-snippet:-1, max-image-preview:large, max-video-preview:-1\" \/>\n<link rel=\"canonical\" href=\"https:\/\/feiradeciencias.pucpr.br\/2023\/premiacao-1\/\" \/>\n<meta property=\"og:locale\" content=\"pt_BR\" \/>\n<meta property=\"og:type\" content=\"article\" \/>\n<meta property=\"og:title\" content=\"PREMIA\u00c7\u00c3O - Feira de Ci\u00eancias PUCPR | 2023\" \/>\n<meta property=\"og:description\" content=\"Os melhores trabalhos concorrer\u00e3o a premia\u00e7\u00e3o, inclusive bolsas de Inicia\u00e7\u00e3o Cient\u00edfica Junior. Uma novidade desse ano \u00e9 o \u201d Pr\u00eamio Professor Destaque em Educa\u00e7\u00e3o Cient\u00edfica\u201d estabelecido para prestigiar os professores que fazem a diferen\u00e7a na vida de seus estudantes e na educa\u00e7\u00e3o brasileira!\u00a0 Para saber mais sobre a premia\u00e7\u00e3o 6\u00aa Feira de Ci\u00eancias J\u00fanior da [&hellip;]\" \/>\n<meta property=\"og:url\" content=\"https:\/\/feiradeciencias.pucpr.br\/2023\/premiacao-1\/\" \/>\n<meta property=\"og:site_name\" content=\"Feira de Ci\u00eancias PUCPR | 2023\" \/>\n<meta property=\"article:published_time\" content=\"2022-05-17T14:31:12+00:00\" \/>\n<meta property=\"article:modified_time\" content=\"2022-07-27T12:43:24+00:00\" \/>\n<meta name=\"author\" content=\"manoelmaranhao\" \/>\n<meta name=\"twitter:card\" content=\"summary_large_image\" \/>\n<meta name=\"twitter:label1\" content=\"Escrito por\" \/>\n\t<meta name=\"twitter:data1\" content=\"manoelmaranhao\" \/>\n\t<meta name=\"twitter:label2\" content=\"Est. tempo de leitura\" \/>\n\t<meta name=\"twitter:data2\" content=\"3 minutos\" \/>\n<script type=\"application\/ld+json\" class=\"yoast-schema-graph\">{\"@context\":\"https:\\\/\\\/schema.org\",\"@graph\":[{\"@type\":\"Article\",\"@id\":\"https:\\\/\\\/feiradeciencias.pucpr.br\\\/2023\\\/premiacao-1\\\/#article\",\"isPartOf\":{\"@id\":\"https:\\\/\\\/feiradeciencias.pucpr.br\\\/2023\\\/premiacao-1\\\/\"},\"author\":{\"name\":\"manoelmaranhao\",\"@id\":\"https:\\\/\\\/feiradeciencias.pucpr.br\\\/2023\\\/#\\\/schema\\\/person\\\/05b9255c260bb6bca53021119600142a\"},\"headline\":\"PREMIA\u00c7\u00c3O\",\"datePublished\":\"2022-05-17T14:31:12+00:00\",\"dateModified\":\"2022-07-27T12:43:24+00:00\",\"mainEntityOfPage\":{\"@id\":\"https:\\\/\\\/feiradeciencias.pucpr.br\\\/2023\\\/premiacao-1\\\/\"},\"wordCount\":446,\"commentCount\":0,\"publisher\":{\"@id\":\"https:\\\/\\\/feiradeciencias.pucpr.br\\\/2023\\\/#organization\"},\"inLanguage\":\"pt-BR\",\"potentialAction\":[{\"@type\":\"CommentAction\",\"name\":\"Comment\",\"target\":[\"https:\\\/\\\/feiradeciencias.pucpr.br\\\/2023\\\/premiacao-1\\\/#respond\"]}]},{\"@type\":\"WebPage\",\"@id\":\"https:\\\/\\\/feiradeciencias.pucpr.br\\\/2023\\\/premiacao-1\\\/\",\"url\":\"https:\\\/\\\/feiradeciencias.pucpr.br\\\/2023\\\/premiacao-1\\\/\",\"name\":\"PREMIA\u00c7\u00c3O - Feira de Ci\u00eancias PUCPR | 2023\",\"isPartOf\":{\"@id\":\"https:\\\/\\\/feiradeciencias.pucpr.br\\\/2023\\\/#website\"},\"datePublished\":\"2022-05-17T14:31:12+00:00\",\"dateModified\":\"2022-07-27T12:43:24+00:00\",\"breadcrumb\":{\"@id\":\"https:\\\/\\\/feiradeciencias.pucpr.br\\\/2023\\\/premiacao-1\\\/#breadcrumb\"},\"inLanguage\":\"pt-BR\",\"potentialAction\":[{\"@type\":\"ReadAction\",\"target\":[\"https:\\\/\\\/feiradeciencias.pucpr.br\\\/2023\\\/premiacao-1\\\/\"]}]},{\"@type\":\"BreadcrumbList\",\"@id\":\"https:\\\/\\\/feiradeciencias.pucpr.br\\\/2023\\\/premiacao-1\\\/#breadcrumb\",\"itemListElement\":[{\"@type\":\"ListItem\",\"position\":1,\"name\":\"In\u00edcio\",\"item\":\"https:\\\/\\\/feiradeciencias.pucpr.br\\\/2023\\\/\"},{\"@type\":\"ListItem\",\"position\":2,\"name\":\"PREMIA\u00c7\u00c3O\"}]},{\"@type\":\"WebSite\",\"@id\":\"https:\\\/\\\/feiradeciencias.pucpr.br\\\/2023\\\/#website\",\"url\":\"https:\\\/\\\/feiradeciencias.pucpr.br\\\/2023\\\/\",\"name\":\"Feira de Ci\u00eancias PUCPR | 2023\",\"description\":\"8\u00aa Feira de Ci\u00eancias J\u00fanior da PUCPR e 4\u00aa Mostra Paralela da PUCPR | 2023\",\"publisher\":{\"@id\":\"https:\\\/\\\/feiradeciencias.pucpr.br\\\/2023\\\/#organization\"},\"potentialAction\":[{\"@type\":\"SearchAction\",\"target\":{\"@type\":\"EntryPoint\",\"urlTemplate\":\"https:\\\/\\\/feiradeciencias.pucpr.br\\\/2023\\\/?s={search_term_string}\"},\"query-input\":{\"@type\":\"PropertyValueSpecification\",\"valueRequired\":true,\"valueName\":\"search_term_string\"}}],\"inLanguage\":\"pt-BR\"},{\"@type\":\"Organization\",\"@id\":\"https:\\\/\\\/feiradeciencias.pucpr.br\\\/2023\\\/#organization\",\"name\":\"Feira de Ci\u00eancias PUCPR | 2023\",\"url\":\"https:\\\/\\\/feiradeciencias.pucpr.br\\\/2023\\\/\",\"logo\":{\"@type\":\"ImageObject\",\"inLanguage\":\"pt-BR\",\"@id\":\"https:\\\/\\\/feiradeciencias.pucpr.br\\\/2023\\\/#\\\/schema\\\/logo\\\/image\\\/\",\"url\":\"https:\\\/\\\/feiradeciencias.pucpr.br\\\/2023\\\/wp-content\\\/uploads\\\/sites\\\/3\\\/2022\\\/05\\\/logo-puc-branca-horizontal.png\",\"contentUrl\":\"https:\\\/\\\/feiradeciencias.pucpr.br\\\/2023\\\/wp-content\\\/uploads\\\/sites\\\/3\\\/2022\\\/05\\\/logo-puc-branca-horizontal.png\",\"width\":221,\"height\":100,\"caption\":\"Feira de Ci\u00eancias PUCPR | 2023\"},\"image\":{\"@id\":\"https:\\\/\\\/feiradeciencias.pucpr.br\\\/2023\\\/#\\\/schema\\\/logo\\\/image\\\/\"}},{\"@type\":\"Person\",\"@id\":\"https:\\\/\\\/feiradeciencias.pucpr.br\\\/2023\\\/#\\\/schema\\\/person\\\/05b9255c260bb6bca53021119600142a\",\"name\":\"manoelmaranhao\",\"image\":{\"@type\":\"ImageObject\",\"inLanguage\":\"pt-BR\",\"@id\":\"https:\\\/\\\/secure.gravatar.com\\\/avatar\\\/68a369b1519bf951acc27e328a29a1858b2c7a8bd238111715658ac20bcb4391?s=96&d=mm&r=g\",\"url\":\"https:\\\/\\\/secure.gravatar.com\\\/avatar\\\/68a369b1519bf951acc27e328a29a1858b2c7a8bd238111715658ac20bcb4391?s=96&d=mm&r=g\",\"contentUrl\":\"https:\\\/\\\/secure.gravatar.com\\\/avatar\\\/68a369b1519bf951acc27e328a29a1858b2c7a8bd238111715658ac20bcb4391?s=96&d=mm&r=g\",\"caption\":\"manoelmaranhao\"},\"url\":\"https:\\\/\\\/feiradeciencias.pucpr.br\\\/2023\\\/author\\\/manoelmaranhao\\\/\"}]}<\/script>\n<!-- \/ Yoast SEO plugin. -->","yoast_head_json":{"title":"PREMIA\u00c7\u00c3O - Feira de Ci\u00eancias PUCPR | 2023","robots":{"index":"index","follow":"follow","max-snippet":"max-snippet:-1","max-image-preview":"max-image-preview:large","max-video-preview":"max-video-preview:-1"},"canonical":"https:\/\/feiradeciencias.pucpr.br\/2023\/premiacao-1\/","og_locale":"pt_BR","og_type":"article","og_title":"PREMIA\u00c7\u00c3O - Feira de Ci\u00eancias PUCPR | 2023","og_description":"Os melhores trabalhos concorrer\u00e3o a premia\u00e7\u00e3o, inclusive bolsas de Inicia\u00e7\u00e3o Cient\u00edfica Junior. Uma novidade desse ano \u00e9 o \u201d Pr\u00eamio Professor Destaque em Educa\u00e7\u00e3o Cient\u00edfica\u201d estabelecido para prestigiar os professores que fazem a diferen\u00e7a na vida de seus estudantes e na educa\u00e7\u00e3o brasileira!\u00a0 Para saber mais sobre a premia\u00e7\u00e3o 6\u00aa Feira de Ci\u00eancias J\u00fanior da [&hellip;]","og_url":"https:\/\/feiradeciencias.pucpr.br\/2023\/premiacao-1\/","og_site_name":"Feira de Ci\u00eancias PUCPR | 2023","article_published_time":"2022-05-17T14:31:12+00:00","article_modified_time":"2022-07-27T12:43:24+00:00","author":"manoelmaranhao","twitter_card":"summary_large_image","twitter_misc":{"Escrito por":"manoelmaranhao","Est. tempo de leitura":"3 minutos"},"schema":{"@context":"https:\/\/schema.org","@graph":[{"@type":"Article","@id":"https:\/\/feiradeciencias.pucpr.br\/2023\/premiacao-1\/#article","isPartOf":{"@id":"https:\/\/feiradeciencias.pucpr.br\/2023\/premiacao-1\/"},"author":{"name":"manoelmaranhao","@id":"https:\/\/feiradeciencias.pucpr.br\/2023\/#\/schema\/person\/05b9255c260bb6bca53021119600142a"},"headline":"PREMIA\u00c7\u00c3O","datePublished":"2022-05-17T14:31:12+00:00","dateModified":"2022-07-27T12:43:24+00:00","mainEntityOfPage":{"@id":"https:\/\/feiradeciencias.pucpr.br\/2023\/premiacao-1\/"},"wordCount":446,"commentCount":0,"publisher":{"@id":"https:\/\/feiradeciencias.pucpr.br\/2023\/#organization"},"inLanguage":"pt-BR","potentialAction":[{"@type":"CommentAction","name":"Comment","target":["https:\/\/feiradeciencias.pucpr.br\/2023\/premiacao-1\/#respond"]}]},{"@type":"WebPage","@id":"https:\/\/feiradeciencias.pucpr.br\/2023\/premiacao-1\/","url":"https:\/\/feiradeciencias.pucpr.br\/2023\/premiacao-1\/","name":"PREMIA\u00c7\u00c3O - Feira de Ci\u00eancias PUCPR | 2023","isPartOf":{"@id":"https:\/\/feiradeciencias.pucpr.br\/2023\/#website"},"datePublished":"2022-05-17T14:31:12+00:00","dateModified":"2022-07-27T12:43:24+00:00","breadcrumb":{"@id":"https:\/\/feiradeciencias.pucpr.br\/2023\/premiacao-1\/#breadcrumb"},"inLanguage":"pt-BR","potentialAction":[{"@type":"ReadAction","target":["https:\/\/feiradeciencias.pucpr.br\/2023\/premiacao-1\/"]}]},{"@type":"BreadcrumbList","@id":"https:\/\/feiradeciencias.pucpr.br\/2023\/premiacao-1\/#breadcrumb","itemListElement":[{"@type":"ListItem","position":1,"name":"In\u00edcio","item":"https:\/\/feiradeciencias.pucpr.br\/2023\/"},{"@type":"ListItem","position":2,"name":"PREMIA\u00c7\u00c3O"}]},{"@type":"WebSite","@id":"https:\/\/feiradeciencias.pucpr.br\/2023\/#website","url":"https:\/\/feiradeciencias.pucpr.br\/2023\/","name":"Feira de Ci\u00eancias PUCPR | 2023","description":"8\u00aa Feira de Ci\u00eancias J\u00fanior da PUCPR e 4\u00aa Mostra Paralela da PUCPR | 2023","publisher":{"@id":"https:\/\/feiradeciencias.pucpr.br\/2023\/#organization"},"potentialAction":[{"@type":"SearchAction","target":{"@type":"EntryPoint","urlTemplate":"https:\/\/feiradeciencias.pucpr.br\/2023\/?s={search_term_string}"},"query-input":{"@type":"PropertyValueSpecification","valueRequired":true,"valueName":"search_term_string"}}],"inLanguage":"pt-BR"},{"@type":"Organization","@id":"https:\/\/feiradeciencias.pucpr.br\/2023\/#organization","name":"Feira de Ci\u00eancias PUCPR | 2023","url":"https:\/\/feiradeciencias.pucpr.br\/2023\/","logo":{"@type":"ImageObject","inLanguage":"pt-BR","@id":"https:\/\/feiradeciencias.pucpr.br\/2023\/#\/schema\/logo\/image\/","url":"https:\/\/feiradeciencias.pucpr.br\/2023\/wp-content\/uploads\/sites\/3\/2022\/05\/logo-puc-branca-horizontal.png","contentUrl":"https:\/\/feiradeciencias.pucpr.br\/2023\/wp-content\/uploads\/sites\/3\/2022\/05\/logo-puc-branca-horizontal.png","width":221,"height":100,"caption":"Feira de Ci\u00eancias PUCPR | 2023"},"image":{"@id":"https:\/\/feiradeciencias.pucpr.br\/2023\/#\/schema\/logo\/image\/"}},{"@type":"Person","@id":"https:\/\/feiradeciencias.pucpr.br\/2023\/#\/schema\/person\/05b9255c260bb6bca53021119600142a","name":"manoelmaranhao","image":{"@type":"ImageObject","inLanguage":"pt-BR","@id":"https:\/\/secure.gravatar.com\/avatar\/68a369b1519bf951acc27e328a29a1858b2c7a8bd238111715658ac20bcb4391?s=96&d=mm&r=g","url":"https:\/\/secure.gravatar.com\/avatar\/68a369b1519bf951acc27e328a29a1858b2c7a8bd238111715658ac20bcb4391?s=96&d=mm&r=g","contentUrl":"https:\/\/secure.gravatar.com\/avatar\/68a369b1519bf951acc27e328a29a1858b2c7a8bd238111715658ac20bcb4391?s=96&d=mm&r=g","caption":"manoelmaranhao"},"url":"https:\/\/feiradeciencias.pucpr.br\/2023\/author\/manoelmaranhao\/"}]}},"_links":{"self":[{"href":"https:\/\/feiradeciencias.pucpr.br\/2023\/wp-json\/wp\/v2\/posts\/127","targetHints":{"allow":["GET"]}}],"collection":[{"href":"https:\/\/feiradeciencias.pucpr.br\/2023\/wp-json\/wp\/v2\/posts"}],"about":[{"href":"https:\/\/feiradeciencias.pucpr.br\/2023\/wp-json\/wp\/v2\/types\/post"}],"author":[{"embeddable":true,"href":"https:\/\/feiradeciencias.pucpr.br\/2023\/wp-json\/wp\/v2\/users\/2"}],"replies":[{"embeddable":true,"href":"https:\/\/feiradeciencias.pucpr.br\/2023\/wp-json\/wp\/v2\/comments?post=127"}],"version-history":[{"count":1,"href":"https:\/\/feiradeciencias.pucpr.br\/2023\/wp-json\/wp\/v2\/posts\/127\/revisions"}],"predecessor-version":[{"id":1441,"href":"https:\/\/feiradeciencias.pucpr.br\/2023\/wp-json\/wp\/v2\/posts\/127\/revisions\/1441"}],"wp:attachment":[{"href":"https:\/\/feiradeciencias.pucpr.br\/2023\/wp-json\/wp\/v2\/media?parent=127"}],"wp:term":[{"taxonomy":"category","embeddable":true,"href":"https:\/\/feiradeciencias.pucpr.br\/2023\/wp-json\/wp\/v2\/categories?post=127"},{"taxonomy":"post_tag","embeddable":true,"href":"https:\/\/feiradeciencias.pucpr.br\/2023\/wp-json\/wp\/v2\/tags?post=127"}],"curies":[{"name":"wp","href":"https:\/\/api.w.org\/{rel}","templated":true}]}}