{"id":133,"date":"2022-05-17T11:33:27","date_gmt":"2022-05-17T14:33:27","guid":{"rendered":"https:\/\/feiradeciencias.pucpr.br\/2023\/?p=133"},"modified":"2022-05-17T14:09:31","modified_gmt":"2022-05-17T17:09:31","slug":"xxix-semic","status":"publish","type":"post","link":"https:\/\/feiradeciencias.pucpr.br\/2023\/xxix-semic\/","title":{"rendered":"SEMIC"},"content":{"rendered":"\n<p>Sejam bem-vindos (as) \u00e0 29\u00aa edi\u00e7\u00e3o do Semin\u00e1rio de Inicia\u00e7\u00e3o Cient\u00edfica (SEMIC) da PUCPR, evento destinado a apresenta\u00e7\u00e3o dos resultados das pesquisas desenvolvidas na vig\u00eancia 2020-2021 dos programas PIBIC, PIBITI, PIBIC Jr, PIBITI Jr e PIBIC Master, ocorrendo simultaneamente \u00e0s Feiras de Ci\u00eancias J\u00fanior da PUCPR.<\/p>\n\n\n\n<p>Este \u00e9 um momento em que voc\u00ea ter\u00e1 a oportunidade de troca de experi\u00eancias com centenas de estudantes que trilham uma trajet\u00f3ria muito parecida com a sua! Chegou a hora de compartilhar os resultados das suas pesquisas e aproveitar este evento para refletir sobre os objetivos alcan\u00e7ados e o que falta atingir, pensar nos pr\u00f3ximos passos do projeto da pesquisa (ou mesmo num novo projeto), bem como ampliar seu network cient\u00edfico. &nbsp;<\/p>\n\n\n\n<p>J\u00e1 pensou no quanto voc\u00ea aprendeu enfrentando as dificuldades e d\u00favidas nas suas pesquisas? Sim! Sabemos que nem tudo o que foi planejado para o seu projeto deu certo. Mas isso tamb\u00e9m \u00e9 um resultado! \u00c9 importante voc\u00ea mostrar as tentativas e erros, mostrar os caminhos que nem sempre atingiram os resultados esperados e o porqu\u00ea disso. \u00c9 preciso disciplina, muita vontade e curiosidade pelo tema da pesquisa para continuar, n\u00e3o \u00e9 mesmo? Por isso, esse evento \u00e9 para voc\u00ea! Venha celebrar as descobertas, as conquistas e olhe para tr\u00e1s, observando o percurso realizado para pensar em como trilhar o futuro.<\/p>\n\n\n\n<p>Todos os anos, o SEMIC \u00e9 preparado com muito cuidado em torno de uma das \u00e1reas estrat\u00e9gicas definidas pela PUCPR, as quais foram pensadas levando em considera\u00e7\u00e3o os desafios globais, as nossas compet\u00eancias internas, o planejamento e a miss\u00e3o institucional. Foram definidas as seguintes \u00e1reas: Direitos Humanos, Cidades, Energia, Biotecnologia, Sa\u00fade e Tecnologia da Comunica\u00e7\u00e3o e Informa\u00e7\u00e3o.<\/p>\n\n\n\n<p>O tema deste ano \u00e9 \u201cSa\u00fade e Ci\u00eancia: Transformando o mundo em sintonia com a vida\u201d. Pesquisadores renomados nesta \u00e1rea far\u00e3o palestras e workshops. Aproveite para ficar por dentro das novidades da \u00e1rea!<\/p>\n\n\n\n<p>Nossa expectativa \u00e9 engajar os jovens pesquisadores numa discuss\u00e3o altamente relevante que impacta diretamente a sociedade ampliando caminhos para enfrentar os desafios atuais! Venha com a gente!<\/p>\n\n\n\n<p><a href=\"https:\/\/semic2021.pucpr.br\/\" target=\"_blank\" rel=\"noreferrer noopener\">Visite o site<\/a><\/p>\n","protected":false},"excerpt":{"rendered":"<p>Sejam bem-vindos (as) \u00e0 29\u00aa edi\u00e7\u00e3o do Semin\u00e1rio de Inicia\u00e7\u00e3o Cient\u00edfica (SEMIC) da PUCPR, evento destinado a apresenta\u00e7\u00e3o dos resultados das pesquisas desenvolvidas na vig\u00eancia 2020-2021 dos programas PIBIC, PIBITI, PIBIC Jr, PIBITI Jr e PIBIC Master, ocorrendo simultaneamente \u00e0s Feiras de Ci\u00eancias J\u00fanior da PUCPR. Este \u00e9 um momento em que voc\u00ea ter\u00e1 a [&hellip;]<\/p>\n","protected":false},"author":2,"featured_media":0,"comment_status":"open","ping_status":"open","sticky":false,"template":"","format":"standard","meta":{"_acf_changed":false,"footnotes":""},"categories":[1],"tags":[],"class_list":["post-133","post","type-post","status-publish","format-standard","hentry","category-sem-categoria"],"acf":[],"yoast_head":"<!-- This site is optimized with the Yoast SEO plugin v27.4 - https:\/\/yoast.com\/product\/yoast-seo-wordpress\/ -->\n<title>SEMIC - Feira de Ci\u00eancias PUCPR | 2023<\/title>\n<meta name=\"robots\" content=\"index, follow, max-snippet:-1, max-image-preview:large, max-video-preview:-1\" \/>\n<link rel=\"canonical\" href=\"https:\/\/feiradeciencias.pucpr.br\/2023\/xxix-semic\/\" \/>\n<meta property=\"og:locale\" content=\"pt_BR\" \/>\n<meta property=\"og:type\" content=\"article\" \/>\n<meta property=\"og:title\" content=\"SEMIC - Feira de Ci\u00eancias PUCPR | 2023\" \/>\n<meta property=\"og:description\" content=\"Sejam bem-vindos (as) \u00e0 29\u00aa edi\u00e7\u00e3o do Semin\u00e1rio de Inicia\u00e7\u00e3o Cient\u00edfica (SEMIC) da PUCPR, evento destinado a apresenta\u00e7\u00e3o dos resultados das pesquisas desenvolvidas na vig\u00eancia 2020-2021 dos programas PIBIC, PIBITI, PIBIC Jr, PIBITI Jr e PIBIC Master, ocorrendo simultaneamente \u00e0s Feiras de Ci\u00eancias J\u00fanior da PUCPR. Este \u00e9 um momento em que voc\u00ea ter\u00e1 a [&hellip;]\" \/>\n<meta property=\"og:url\" content=\"https:\/\/feiradeciencias.pucpr.br\/2023\/xxix-semic\/\" \/>\n<meta property=\"og:site_name\" content=\"Feira de Ci\u00eancias PUCPR | 2023\" \/>\n<meta property=\"article:published_time\" content=\"2022-05-17T14:33:27+00:00\" \/>\n<meta property=\"article:modified_time\" content=\"2022-05-17T17:09:31+00:00\" \/>\n<meta name=\"author\" content=\"manoelmaranhao\" \/>\n<meta name=\"twitter:card\" content=\"summary_large_image\" \/>\n<meta name=\"twitter:label1\" content=\"Escrito por\" \/>\n\t<meta name=\"twitter:data1\" content=\"manoelmaranhao\" \/>\n\t<meta name=\"twitter:label2\" content=\"Est. tempo de leitura\" \/>\n\t<meta name=\"twitter:data2\" content=\"2 minutos\" \/>\n<script type=\"application\/ld+json\" class=\"yoast-schema-graph\">{\"@context\":\"https:\\\/\\\/schema.org\",\"@graph\":[{\"@type\":\"Article\",\"@id\":\"https:\\\/\\\/feiradeciencias.pucpr.br\\\/2023\\\/xxix-semic\\\/#article\",\"isPartOf\":{\"@id\":\"https:\\\/\\\/feiradeciencias.pucpr.br\\\/2023\\\/xxix-semic\\\/\"},\"author\":{\"name\":\"manoelmaranhao\",\"@id\":\"https:\\\/\\\/feiradeciencias.pucpr.br\\\/2023\\\/#\\\/schema\\\/person\\\/05b9255c260bb6bca53021119600142a\"},\"headline\":\"SEMIC\",\"datePublished\":\"2022-05-17T14:33:27+00:00\",\"dateModified\":\"2022-05-17T17:09:31+00:00\",\"mainEntityOfPage\":{\"@id\":\"https:\\\/\\\/feiradeciencias.pucpr.br\\\/2023\\\/xxix-semic\\\/\"},\"wordCount\":357,\"commentCount\":0,\"publisher\":{\"@id\":\"https:\\\/\\\/feiradeciencias.pucpr.br\\\/2023\\\/#organization\"},\"inLanguage\":\"pt-BR\",\"potentialAction\":[{\"@type\":\"CommentAction\",\"name\":\"Comment\",\"target\":[\"https:\\\/\\\/feiradeciencias.pucpr.br\\\/2023\\\/xxix-semic\\\/#respond\"]}]},{\"@type\":\"WebPage\",\"@id\":\"https:\\\/\\\/feiradeciencias.pucpr.br\\\/2023\\\/xxix-semic\\\/\",\"url\":\"https:\\\/\\\/feiradeciencias.pucpr.br\\\/2023\\\/xxix-semic\\\/\",\"name\":\"SEMIC - Feira de Ci\u00eancias PUCPR | 2023\",\"isPartOf\":{\"@id\":\"https:\\\/\\\/feiradeciencias.pucpr.br\\\/2023\\\/#website\"},\"datePublished\":\"2022-05-17T14:33:27+00:00\",\"dateModified\":\"2022-05-17T17:09:31+00:00\",\"breadcrumb\":{\"@id\":\"https:\\\/\\\/feiradeciencias.pucpr.br\\\/2023\\\/xxix-semic\\\/#breadcrumb\"},\"inLanguage\":\"pt-BR\",\"potentialAction\":[{\"@type\":\"ReadAction\",\"target\":[\"https:\\\/\\\/feiradeciencias.pucpr.br\\\/2023\\\/xxix-semic\\\/\"]}]},{\"@type\":\"BreadcrumbList\",\"@id\":\"https:\\\/\\\/feiradeciencias.pucpr.br\\\/2023\\\/xxix-semic\\\/#breadcrumb\",\"itemListElement\":[{\"@type\":\"ListItem\",\"position\":1,\"name\":\"In\u00edcio\",\"item\":\"https:\\\/\\\/feiradeciencias.pucpr.br\\\/2023\\\/\"},{\"@type\":\"ListItem\",\"position\":2,\"name\":\"SEMIC\"}]},{\"@type\":\"WebSite\",\"@id\":\"https:\\\/\\\/feiradeciencias.pucpr.br\\\/2023\\\/#website\",\"url\":\"https:\\\/\\\/feiradeciencias.pucpr.br\\\/2023\\\/\",\"name\":\"Feira de Ci\u00eancias PUCPR | 2023\",\"description\":\"8\u00aa Feira de Ci\u00eancias J\u00fanior da PUCPR e 4\u00aa Mostra Paralela da PUCPR | 2023\",\"publisher\":{\"@id\":\"https:\\\/\\\/feiradeciencias.pucpr.br\\\/2023\\\/#organization\"},\"potentialAction\":[{\"@type\":\"SearchAction\",\"target\":{\"@type\":\"EntryPoint\",\"urlTemplate\":\"https:\\\/\\\/feiradeciencias.pucpr.br\\\/2023\\\/?s={search_term_string}\"},\"query-input\":{\"@type\":\"PropertyValueSpecification\",\"valueRequired\":true,\"valueName\":\"search_term_string\"}}],\"inLanguage\":\"pt-BR\"},{\"@type\":\"Organization\",\"@id\":\"https:\\\/\\\/feiradeciencias.pucpr.br\\\/2023\\\/#organization\",\"name\":\"Feira de Ci\u00eancias PUCPR | 2023\",\"url\":\"https:\\\/\\\/feiradeciencias.pucpr.br\\\/2023\\\/\",\"logo\":{\"@type\":\"ImageObject\",\"inLanguage\":\"pt-BR\",\"@id\":\"https:\\\/\\\/feiradeciencias.pucpr.br\\\/2023\\\/#\\\/schema\\\/logo\\\/image\\\/\",\"url\":\"https:\\\/\\\/feiradeciencias.pucpr.br\\\/2023\\\/wp-content\\\/uploads\\\/sites\\\/3\\\/2022\\\/05\\\/logo-puc-branca-horizontal.png\",\"contentUrl\":\"https:\\\/\\\/feiradeciencias.pucpr.br\\\/2023\\\/wp-content\\\/uploads\\\/sites\\\/3\\\/2022\\\/05\\\/logo-puc-branca-horizontal.png\",\"width\":221,\"height\":100,\"caption\":\"Feira de Ci\u00eancias PUCPR | 2023\"},\"image\":{\"@id\":\"https:\\\/\\\/feiradeciencias.pucpr.br\\\/2023\\\/#\\\/schema\\\/logo\\\/image\\\/\"}},{\"@type\":\"Person\",\"@id\":\"https:\\\/\\\/feiradeciencias.pucpr.br\\\/2023\\\/#\\\/schema\\\/person\\\/05b9255c260bb6bca53021119600142a\",\"name\":\"manoelmaranhao\",\"image\":{\"@type\":\"ImageObject\",\"inLanguage\":\"pt-BR\",\"@id\":\"https:\\\/\\\/secure.gravatar.com\\\/avatar\\\/68a369b1519bf951acc27e328a29a1858b2c7a8bd238111715658ac20bcb4391?s=96&d=mm&r=g\",\"url\":\"https:\\\/\\\/secure.gravatar.com\\\/avatar\\\/68a369b1519bf951acc27e328a29a1858b2c7a8bd238111715658ac20bcb4391?s=96&d=mm&r=g\",\"contentUrl\":\"https:\\\/\\\/secure.gravatar.com\\\/avatar\\\/68a369b1519bf951acc27e328a29a1858b2c7a8bd238111715658ac20bcb4391?s=96&d=mm&r=g\",\"caption\":\"manoelmaranhao\"},\"url\":\"https:\\\/\\\/feiradeciencias.pucpr.br\\\/2023\\\/author\\\/manoelmaranhao\\\/\"}]}<\/script>\n<!-- \/ Yoast SEO plugin. -->","yoast_head_json":{"title":"SEMIC - Feira de Ci\u00eancias PUCPR | 2023","robots":{"index":"index","follow":"follow","max-snippet":"max-snippet:-1","max-image-preview":"max-image-preview:large","max-video-preview":"max-video-preview:-1"},"canonical":"https:\/\/feiradeciencias.pucpr.br\/2023\/xxix-semic\/","og_locale":"pt_BR","og_type":"article","og_title":"SEMIC - Feira de Ci\u00eancias PUCPR | 2023","og_description":"Sejam bem-vindos (as) \u00e0 29\u00aa edi\u00e7\u00e3o do Semin\u00e1rio de Inicia\u00e7\u00e3o Cient\u00edfica (SEMIC) da PUCPR, evento destinado a apresenta\u00e7\u00e3o dos resultados das pesquisas desenvolvidas na vig\u00eancia 2020-2021 dos programas PIBIC, PIBITI, PIBIC Jr, PIBITI Jr e PIBIC Master, ocorrendo simultaneamente \u00e0s Feiras de Ci\u00eancias J\u00fanior da PUCPR. Este \u00e9 um momento em que voc\u00ea ter\u00e1 a [&hellip;]","og_url":"https:\/\/feiradeciencias.pucpr.br\/2023\/xxix-semic\/","og_site_name":"Feira de Ci\u00eancias PUCPR | 2023","article_published_time":"2022-05-17T14:33:27+00:00","article_modified_time":"2022-05-17T17:09:31+00:00","author":"manoelmaranhao","twitter_card":"summary_large_image","twitter_misc":{"Escrito por":"manoelmaranhao","Est. tempo de leitura":"2 minutos"},"schema":{"@context":"https:\/\/schema.org","@graph":[{"@type":"Article","@id":"https:\/\/feiradeciencias.pucpr.br\/2023\/xxix-semic\/#article","isPartOf":{"@id":"https:\/\/feiradeciencias.pucpr.br\/2023\/xxix-semic\/"},"author":{"name":"manoelmaranhao","@id":"https:\/\/feiradeciencias.pucpr.br\/2023\/#\/schema\/person\/05b9255c260bb6bca53021119600142a"},"headline":"SEMIC","datePublished":"2022-05-17T14:33:27+00:00","dateModified":"2022-05-17T17:09:31+00:00","mainEntityOfPage":{"@id":"https:\/\/feiradeciencias.pucpr.br\/2023\/xxix-semic\/"},"wordCount":357,"commentCount":0,"publisher":{"@id":"https:\/\/feiradeciencias.pucpr.br\/2023\/#organization"},"inLanguage":"pt-BR","potentialAction":[{"@type":"CommentAction","name":"Comment","target":["https:\/\/feiradeciencias.pucpr.br\/2023\/xxix-semic\/#respond"]}]},{"@type":"WebPage","@id":"https:\/\/feiradeciencias.pucpr.br\/2023\/xxix-semic\/","url":"https:\/\/feiradeciencias.pucpr.br\/2023\/xxix-semic\/","name":"SEMIC - Feira de Ci\u00eancias PUCPR | 2023","isPartOf":{"@id":"https:\/\/feiradeciencias.pucpr.br\/2023\/#website"},"datePublished":"2022-05-17T14:33:27+00:00","dateModified":"2022-05-17T17:09:31+00:00","breadcrumb":{"@id":"https:\/\/feiradeciencias.pucpr.br\/2023\/xxix-semic\/#breadcrumb"},"inLanguage":"pt-BR","potentialAction":[{"@type":"ReadAction","target":["https:\/\/feiradeciencias.pucpr.br\/2023\/xxix-semic\/"]}]},{"@type":"BreadcrumbList","@id":"https:\/\/feiradeciencias.pucpr.br\/2023\/xxix-semic\/#breadcrumb","itemListElement":[{"@type":"ListItem","position":1,"name":"In\u00edcio","item":"https:\/\/feiradeciencias.pucpr.br\/2023\/"},{"@type":"ListItem","position":2,"name":"SEMIC"}]},{"@type":"WebSite","@id":"https:\/\/feiradeciencias.pucpr.br\/2023\/#website","url":"https:\/\/feiradeciencias.pucpr.br\/2023\/","name":"Feira de Ci\u00eancias PUCPR | 2023","description":"8\u00aa Feira de Ci\u00eancias J\u00fanior da PUCPR e 4\u00aa Mostra Paralela da PUCPR | 2023","publisher":{"@id":"https:\/\/feiradeciencias.pucpr.br\/2023\/#organization"},"potentialAction":[{"@type":"SearchAction","target":{"@type":"EntryPoint","urlTemplate":"https:\/\/feiradeciencias.pucpr.br\/2023\/?s={search_term_string}"},"query-input":{"@type":"PropertyValueSpecification","valueRequired":true,"valueName":"search_term_string"}}],"inLanguage":"pt-BR"},{"@type":"Organization","@id":"https:\/\/feiradeciencias.pucpr.br\/2023\/#organization","name":"Feira de Ci\u00eancias PUCPR | 2023","url":"https:\/\/feiradeciencias.pucpr.br\/2023\/","logo":{"@type":"ImageObject","inLanguage":"pt-BR","@id":"https:\/\/feiradeciencias.pucpr.br\/2023\/#\/schema\/logo\/image\/","url":"https:\/\/feiradeciencias.pucpr.br\/2023\/wp-content\/uploads\/sites\/3\/2022\/05\/logo-puc-branca-horizontal.png","contentUrl":"https:\/\/feiradeciencias.pucpr.br\/2023\/wp-content\/uploads\/sites\/3\/2022\/05\/logo-puc-branca-horizontal.png","width":221,"height":100,"caption":"Feira de Ci\u00eancias PUCPR | 2023"},"image":{"@id":"https:\/\/feiradeciencias.pucpr.br\/2023\/#\/schema\/logo\/image\/"}},{"@type":"Person","@id":"https:\/\/feiradeciencias.pucpr.br\/2023\/#\/schema\/person\/05b9255c260bb6bca53021119600142a","name":"manoelmaranhao","image":{"@type":"ImageObject","inLanguage":"pt-BR","@id":"https:\/\/secure.gravatar.com\/avatar\/68a369b1519bf951acc27e328a29a1858b2c7a8bd238111715658ac20bcb4391?s=96&d=mm&r=g","url":"https:\/\/secure.gravatar.com\/avatar\/68a369b1519bf951acc27e328a29a1858b2c7a8bd238111715658ac20bcb4391?s=96&d=mm&r=g","contentUrl":"https:\/\/secure.gravatar.com\/avatar\/68a369b1519bf951acc27e328a29a1858b2c7a8bd238111715658ac20bcb4391?s=96&d=mm&r=g","caption":"manoelmaranhao"},"url":"https:\/\/feiradeciencias.pucpr.br\/2023\/author\/manoelmaranhao\/"}]}},"_links":{"self":[{"href":"https:\/\/feiradeciencias.pucpr.br\/2023\/wp-json\/wp\/v2\/posts\/133","targetHints":{"allow":["GET"]}}],"collection":[{"href":"https:\/\/feiradeciencias.pucpr.br\/2023\/wp-json\/wp\/v2\/posts"}],"about":[{"href":"https:\/\/feiradeciencias.pucpr.br\/2023\/wp-json\/wp\/v2\/types\/post"}],"author":[{"embeddable":true,"href":"https:\/\/feiradeciencias.pucpr.br\/2023\/wp-json\/wp\/v2\/users\/2"}],"replies":[{"embeddable":true,"href":"https:\/\/feiradeciencias.pucpr.br\/2023\/wp-json\/wp\/v2\/comments?post=133"}],"version-history":[{"count":0,"href":"https:\/\/feiradeciencias.pucpr.br\/2023\/wp-json\/wp\/v2\/posts\/133\/revisions"}],"wp:attachment":[{"href":"https:\/\/feiradeciencias.pucpr.br\/2023\/wp-json\/wp\/v2\/media?parent=133"}],"wp:term":[{"taxonomy":"category","embeddable":true,"href":"https:\/\/feiradeciencias.pucpr.br\/2023\/wp-json\/wp\/v2\/categories?post=133"},{"taxonomy":"post_tag","embeddable":true,"href":"https:\/\/feiradeciencias.pucpr.br\/2023\/wp-json\/wp\/v2\/tags?post=133"}],"curies":[{"name":"wp","href":"https:\/\/api.w.org\/{rel}","templated":true}]}}