{"id":125,"date":"2022-05-17T11:30:01","date_gmt":"2022-05-17T14:30:01","guid":{"rendered":"https:\/\/feiradeciencias.pucpr.br\/2024\/?p=125"},"modified":"2024-03-14T17:58:11","modified_gmt":"2024-03-14T20:58:11","slug":"premio-nobel","status":"publish","type":"post","link":"https:\/\/feiradeciencias.pucpr.br\/2024\/premio-nobel\/","title":{"rendered":"PR\u00caMIO NOBEL"},"content":{"rendered":"\t\t<div data-elementor-type=\"wp-post\" data-elementor-id=\"125\" class=\"elementor elementor-125\" data-elementor-post-type=\"post\">\n\t\t\t\t\t\t<section class=\"elementor-section elementor-top-section elementor-element elementor-element-b7dee1c elementor-section-full_width elementor-section-height-default elementor-section-height-default\" data-id=\"b7dee1c\" data-element_type=\"section\" data-e-type=\"section\">\n\t\t\t\t\t\t<div class=\"elementor-container elementor-column-gap-no\">\n\t\t\t\t\t<div class=\"elementor-column elementor-col-100 elementor-top-column elementor-element elementor-element-214e1cd\" data-id=\"214e1cd\" data-element_type=\"column\" data-e-type=\"column\">\n\t\t\t<div class=\"elementor-widget-wrap elementor-element-populated\">\n\t\t\t\t\t\t<div class=\"elementor-element elementor-element-ce62054 elementor-widget elementor-widget-heading\" data-id=\"ce62054\" data-element_type=\"widget\" data-e-type=\"widget\" data-widget_type=\"heading.default\">\n\t\t\t\t<div class=\"elementor-widget-container\">\n\t\t\t\t\t<h2 class=\"elementor-heading-title elementor-size-default\">GALERIA DO PR\u00caMIO NOBEL<\/h2>\t\t\t\t<\/div>\n\t\t\t\t<\/div>\n\t\t\t\t<div class=\"elementor-element elementor-element-b68860c elementor-widget elementor-widget-text-editor\" data-id=\"b68860c\" data-element_type=\"widget\" data-e-type=\"widget\" data-widget_type=\"text-editor.default\">\n\t\t\t\t<div class=\"elementor-widget-container\">\n\t\t\t\t\t\t\t\t\t<p style=\"text-align: left;\"><span style=\"color: var( --e-global-color-text ); font-family: var( --e-global-typography-text-font-family ), Sans-serif; font-size: var( --e-global-typography-text-font-size ); font-weight: var( --e-global-typography-text-font-weight );\">O Pr\u00eamio Nobel \u00e9 o maior reconhecimento que um cientista pode receber dos resultados encontrados em suas pesquisas. Anualmente, seis pr\u00eamios internacionais s\u00e3o concedidos a pessoas ou institui\u00e7\u00f5es que realizaram pesquisas, descobertas ou contribui\u00e7\u00f5es relevantes para a Humanidade no ano imediatamente anterior ou no curso de suas atividades.\u00a0<\/span><\/p>\n<p>A Academia Real das Ci\u00eancias da Su\u00e9cia concede os pr\u00eamios: Nobel de F\u00edsica, Nobel de Qu\u00edmica e Nobel de Ci\u00eancias Econ\u00f4micas.\u00a0<\/p>\n<p>A Assembl\u00e9ia do Nobel do Instituto Karolinska concede o Pr\u00eamio de Fisiologia ou Medicina.\u00a0<\/p>\n<p>A Academia Sueca concede o Pr\u00eamio Nobel de Literatura e o Comit\u00ea Noruegu\u00eas do Nobel concede o Pr\u00eamio Nobel da Paz. \u00a0<\/p>\n<p>No m\u00eas de outubro s\u00e3o anunciados os laureados e em dezembro ocorrem as cerim\u00f4nias de premia\u00e7\u00e3o em Estocolmo, na Su\u00e9cia; exceto o pr\u00eamio da paz que a cerimonia acontece em Oslo, na Noruega.\u00a0<\/p>\t\t\t\t\t\t\t\t<\/div>\n\t\t\t\t<\/div>\n\t\t\t\t\t<\/div>\n\t\t<\/div>\n\t\t\t\t\t<\/div>\n\t\t<\/section>\n\t\t\t\t<section class=\"elementor-section elementor-top-section elementor-element elementor-element-68f9025 elementor-section-full_width elementor-section-height-default elementor-section-height-default\" data-id=\"68f9025\" data-element_type=\"section\" data-e-type=\"section\">\n\t\t\t\t\t\t<div class=\"elementor-container elementor-column-gap-no\">\n\t\t\t\t\t<div class=\"elementor-column elementor-col-50 elementor-top-column elementor-element elementor-element-a33594f\" data-id=\"a33594f\" data-element_type=\"column\" data-e-type=\"column\">\n\t\t\t<div class=\"elementor-widget-wrap elementor-element-populated\">\n\t\t\t\t\t\t<div class=\"elementor-element elementor-element-c5edd6c elementor-widget elementor-widget-heading\" data-id=\"c5edd6c\" data-element_type=\"widget\" data-e-type=\"widget\" data-widget_type=\"heading.default\">\n\t\t\t\t<div class=\"elementor-widget-container\">\n\t\t\t\t\t<h5 class=\"elementor-heading-title elementor-size-default\">Assista ao v\u00eddeo dos premiados de 2021:<\/h5>\t\t\t\t<\/div>\n\t\t\t\t<\/div>\n\t\t\t\t<div class=\"elementor-element elementor-element-4a05011 elementor-widget elementor-widget-html\" data-id=\"4a05011\" data-element_type=\"widget\" data-e-type=\"widget\" data-widget_type=\"html.default\">\n\t\t\t\t<div class=\"elementor-widget-container\">\n\t\t\t\t\t<p style=\"text-align: center;\"><iframe src=\"https:\/\/drive.google.com\/file\/d\/1295it-DF-lNN31NegYEoHilPFP4B_BWM\/preview\" width=\"100%\" height=\"320\"><\/iframe><\/p>\t\t\t\t<\/div>\n\t\t\t\t<\/div>\n\t\t\t\t\t<\/div>\n\t\t<\/div>\n\t\t\t\t<div class=\"elementor-column elementor-col-50 elementor-top-column elementor-element elementor-element-60425cf\" data-id=\"60425cf\" data-element_type=\"column\" data-e-type=\"column\">\n\t\t\t<div class=\"elementor-widget-wrap elementor-element-populated\">\n\t\t\t\t\t\t<div class=\"elementor-element elementor-element-352c8e0 elementor-widget elementor-widget-heading\" data-id=\"352c8e0\" data-element_type=\"widget\" data-e-type=\"widget\" data-widget_type=\"heading.default\">\n\t\t\t\t<div class=\"elementor-widget-container\">\n\t\t\t\t\t<h5 class=\"elementor-heading-title elementor-size-default\">Assista ao v\u00eddeo dos premiados de 2020:<\/h5>\t\t\t\t<\/div>\n\t\t\t\t<\/div>\n\t\t\t\t<div class=\"elementor-element elementor-element-07a322a elementor-widget elementor-widget-html\" data-id=\"07a322a\" data-element_type=\"widget\" data-e-type=\"widget\" data-widget_type=\"html.default\">\n\t\t\t\t<div class=\"elementor-widget-container\">\n\t\t\t\t\t<p style=\"text-align: center;\"><iframe src=\"https:\/\/drive.google.com\/file\/d\/1lAbPm1E46vP09LAZFIwfO0banH09J8cO\/preview\" width=\"100%\" height=\"320\"><\/iframe><\/p>\t\t\t\t<\/div>\n\t\t\t\t<\/div>\n\t\t\t\t\t<\/div>\n\t\t<\/div>\n\t\t\t\t\t<\/div>\n\t\t<\/section>\n\t\t\t\t<section class=\"elementor-section elementor-top-section elementor-element elementor-element-bdabf2e elementor-section-full_width elementor-section-height-default elementor-section-height-default\" data-id=\"bdabf2e\" data-element_type=\"section\" data-e-type=\"section\">\n\t\t\t\t\t\t<div class=\"elementor-container elementor-column-gap-no\">\n\t\t\t\t\t<div class=\"elementor-column elementor-col-50 elementor-top-column elementor-element elementor-element-9d53efd\" data-id=\"9d53efd\" data-element_type=\"column\" data-e-type=\"column\">\n\t\t\t<div class=\"elementor-widget-wrap elementor-element-populated\">\n\t\t\t\t\t\t<div class=\"elementor-element elementor-element-8fc6fb5 elementor-widget elementor-widget-heading\" data-id=\"8fc6fb5\" data-element_type=\"widget\" data-e-type=\"widget\" data-widget_type=\"heading.default\">\n\t\t\t\t<div class=\"elementor-widget-container\">\n\t\t\t\t\t<h5 class=\"elementor-heading-title elementor-size-default\">Confira os premiados de 2019:<\/h5>\t\t\t\t<\/div>\n\t\t\t\t<\/div>\n\t\t\t\t<div class=\"elementor-element elementor-element-8f09fd3 elementor-widget elementor-widget-html\" data-id=\"8f09fd3\" data-element_type=\"widget\" data-e-type=\"widget\" data-widget_type=\"html.default\">\n\t\t\t\t<div class=\"elementor-widget-container\">\n\t\t\t\t\t<p style=\"text-align: center;\"><iframe style=\"width: 100%; height: 720px;\" src=\"https:\/\/semic2021.pucpr.br\/assets\/site\/PREMIADOS_NOBEL_2019.pdf\" allow=\"autoplay\"><\/iframe><\/p>\t\t\t\t<\/div>\n\t\t\t\t<\/div>\n\t\t\t\t\t<\/div>\n\t\t<\/div>\n\t\t\t\t<div class=\"elementor-column elementor-col-50 elementor-top-column elementor-element elementor-element-9062a72\" data-id=\"9062a72\" data-element_type=\"column\" data-e-type=\"column\">\n\t\t\t<div class=\"elementor-widget-wrap\">\n\t\t\t\t\t\t\t<\/div>\n\t\t<\/div>\n\t\t\t\t\t<\/div>\n\t\t<\/section>\n\t\t\t\t<\/div>\n\t\t","protected":false},"excerpt":{"rendered":"<p>GALERIA DO PR\u00caMIO NOBEL O Pr\u00eamio Nobel \u00e9 o maior reconhecimento que um cientista pode receber dos resultados encontrados em suas pesquisas. Anualmente, seis pr\u00eamios internacionais s\u00e3o concedidos a pessoas ou institui\u00e7\u00f5es que realizaram pesquisas, descobertas ou contribui\u00e7\u00f5es relevantes para a Humanidade no ano imediatamente anterior ou no curso de suas atividades.\u00a0 A Academia Real [&hellip;]<\/p>\n","protected":false},"author":2,"featured_media":0,"comment_status":"open","ping_status":"open","sticky":false,"template":"","format":"standard","meta":{"_acf_changed":false,"footnotes":""},"categories":[1],"tags":[],"class_list":["post-125","post","type-post","status-publish","format-standard","hentry","category-sem-categoria"],"acf":[],"yoast_head":"<!-- This site is optimized with the Yoast SEO plugin v27.4 - https:\/\/yoast.com\/product\/yoast-seo-wordpress\/ -->\n<title>PR\u00caMIO NOBEL - Feira de Ci\u00eancias PUCPR | 2024<\/title>\n<meta name=\"robots\" content=\"index, follow, max-snippet:-1, max-image-preview:large, max-video-preview:-1\" \/>\n<link rel=\"canonical\" href=\"https:\/\/feiradeciencias.pucpr.br\/2024\/premio-nobel\/\" \/>\n<meta property=\"og:locale\" content=\"pt_BR\" \/>\n<meta property=\"og:type\" content=\"article\" \/>\n<meta property=\"og:title\" content=\"PR\u00caMIO NOBEL - Feira de Ci\u00eancias PUCPR | 2024\" \/>\n<meta property=\"og:description\" content=\"GALERIA DO PR\u00caMIO NOBEL O Pr\u00eamio Nobel \u00e9 o maior reconhecimento que um cientista pode receber dos resultados encontrados em suas pesquisas. Anualmente, seis pr\u00eamios internacionais s\u00e3o concedidos a pessoas ou institui\u00e7\u00f5es que realizaram pesquisas, descobertas ou contribui\u00e7\u00f5es relevantes para a Humanidade no ano imediatamente anterior ou no curso de suas atividades.\u00a0 A Academia Real [&hellip;]\" \/>\n<meta property=\"og:url\" content=\"https:\/\/feiradeciencias.pucpr.br\/2024\/premio-nobel\/\" \/>\n<meta property=\"og:site_name\" content=\"Feira de Ci\u00eancias PUCPR | 2024\" \/>\n<meta property=\"article:published_time\" content=\"2022-05-17T14:30:01+00:00\" \/>\n<meta property=\"article:modified_time\" content=\"2024-03-14T20:58:11+00:00\" \/>\n<meta name=\"author\" content=\"manoelmaranhao\" \/>\n<meta name=\"twitter:card\" content=\"summary_large_image\" \/>\n<meta name=\"twitter:label1\" content=\"Escrito por\" \/>\n\t<meta name=\"twitter:data1\" content=\"manoelmaranhao\" \/>\n\t<meta name=\"twitter:label2\" content=\"Est. tempo de leitura\" \/>\n\t<meta name=\"twitter:data2\" content=\"1 minuto\" \/>\n<script type=\"application\/ld+json\" class=\"yoast-schema-graph\">{\"@context\":\"https:\\\/\\\/schema.org\",\"@graph\":[{\"@type\":\"Article\",\"@id\":\"https:\\\/\\\/feiradeciencias.pucpr.br\\\/2024\\\/premio-nobel\\\/#article\",\"isPartOf\":{\"@id\":\"https:\\\/\\\/feiradeciencias.pucpr.br\\\/2024\\\/premio-nobel\\\/\"},\"author\":{\"name\":\"manoelmaranhao\",\"@id\":\"https:\\\/\\\/feiradeciencias.pucpr.br\\\/2024\\\/#\\\/schema\\\/person\\\/05b9255c260bb6bca53021119600142a\"},\"headline\":\"PR\u00caMIO NOBEL\",\"datePublished\":\"2022-05-17T14:30:01+00:00\",\"dateModified\":\"2024-03-14T20:58:11+00:00\",\"mainEntityOfPage\":{\"@id\":\"https:\\\/\\\/feiradeciencias.pucpr.br\\\/2024\\\/premio-nobel\\\/\"},\"wordCount\":185,\"commentCount\":0,\"publisher\":{\"@id\":\"https:\\\/\\\/feiradeciencias.pucpr.br\\\/2024\\\/#organization\"},\"inLanguage\":\"pt-BR\",\"potentialAction\":[{\"@type\":\"CommentAction\",\"name\":\"Comment\",\"target\":[\"https:\\\/\\\/feiradeciencias.pucpr.br\\\/2024\\\/premio-nobel\\\/#respond\"]}]},{\"@type\":\"WebPage\",\"@id\":\"https:\\\/\\\/feiradeciencias.pucpr.br\\\/2024\\\/premio-nobel\\\/\",\"url\":\"https:\\\/\\\/feiradeciencias.pucpr.br\\\/2024\\\/premio-nobel\\\/\",\"name\":\"PR\u00caMIO NOBEL - Feira de Ci\u00eancias PUCPR | 2024\",\"isPartOf\":{\"@id\":\"https:\\\/\\\/feiradeciencias.pucpr.br\\\/2024\\\/#website\"},\"datePublished\":\"2022-05-17T14:30:01+00:00\",\"dateModified\":\"2024-03-14T20:58:11+00:00\",\"breadcrumb\":{\"@id\":\"https:\\\/\\\/feiradeciencias.pucpr.br\\\/2024\\\/premio-nobel\\\/#breadcrumb\"},\"inLanguage\":\"pt-BR\",\"potentialAction\":[{\"@type\":\"ReadAction\",\"target\":[\"https:\\\/\\\/feiradeciencias.pucpr.br\\\/2024\\\/premio-nobel\\\/\"]}]},{\"@type\":\"BreadcrumbList\",\"@id\":\"https:\\\/\\\/feiradeciencias.pucpr.br\\\/2024\\\/premio-nobel\\\/#breadcrumb\",\"itemListElement\":[{\"@type\":\"ListItem\",\"position\":1,\"name\":\"In\u00edcio\",\"item\":\"https:\\\/\\\/feiradeciencias.pucpr.br\\\/2024\\\/\"},{\"@type\":\"ListItem\",\"position\":2,\"name\":\"PR\u00caMIO NOBEL\"}]},{\"@type\":\"WebSite\",\"@id\":\"https:\\\/\\\/feiradeciencias.pucpr.br\\\/2024\\\/#website\",\"url\":\"https:\\\/\\\/feiradeciencias.pucpr.br\\\/2024\\\/\",\"name\":\"Feira de Ci\u00eancias PUCPR | 2024\",\"description\":\"9\u00aa Feira de Ci\u00eancias J\u00fanior da PUCPR e 5\u00aa Mostra Paralela da PUCPR | 2024\",\"publisher\":{\"@id\":\"https:\\\/\\\/feiradeciencias.pucpr.br\\\/2024\\\/#organization\"},\"potentialAction\":[{\"@type\":\"SearchAction\",\"target\":{\"@type\":\"EntryPoint\",\"urlTemplate\":\"https:\\\/\\\/feiradeciencias.pucpr.br\\\/2024\\\/?s={search_term_string}\"},\"query-input\":{\"@type\":\"PropertyValueSpecification\",\"valueRequired\":true,\"valueName\":\"search_term_string\"}}],\"inLanguage\":\"pt-BR\"},{\"@type\":\"Organization\",\"@id\":\"https:\\\/\\\/feiradeciencias.pucpr.br\\\/2024\\\/#organization\",\"name\":\"Feira de Ci\u00eancias PUCPR | 2024\",\"url\":\"https:\\\/\\\/feiradeciencias.pucpr.br\\\/2024\\\/\",\"logo\":{\"@type\":\"ImageObject\",\"inLanguage\":\"pt-BR\",\"@id\":\"https:\\\/\\\/feiradeciencias.pucpr.br\\\/2024\\\/#\\\/schema\\\/logo\\\/image\\\/\",\"url\":\"https:\\\/\\\/feiradeciencias.pucpr.br\\\/2024\\\/wp-content\\\/uploads\\\/sites\\\/5\\\/2022\\\/05\\\/logo-puc-branca-horizontal.png\",\"contentUrl\":\"https:\\\/\\\/feiradeciencias.pucpr.br\\\/2024\\\/wp-content\\\/uploads\\\/sites\\\/5\\\/2022\\\/05\\\/logo-puc-branca-horizontal.png\",\"width\":221,\"height\":100,\"caption\":\"Feira de Ci\u00eancias PUCPR | 2024\"},\"image\":{\"@id\":\"https:\\\/\\\/feiradeciencias.pucpr.br\\\/2024\\\/#\\\/schema\\\/logo\\\/image\\\/\"}},{\"@type\":\"Person\",\"@id\":\"https:\\\/\\\/feiradeciencias.pucpr.br\\\/2024\\\/#\\\/schema\\\/person\\\/05b9255c260bb6bca53021119600142a\",\"name\":\"manoelmaranhao\",\"image\":{\"@type\":\"ImageObject\",\"inLanguage\":\"pt-BR\",\"@id\":\"https:\\\/\\\/secure.gravatar.com\\\/avatar\\\/68a369b1519bf951acc27e328a29a1858b2c7a8bd238111715658ac20bcb4391?s=96&d=mm&r=g\",\"url\":\"https:\\\/\\\/secure.gravatar.com\\\/avatar\\\/68a369b1519bf951acc27e328a29a1858b2c7a8bd238111715658ac20bcb4391?s=96&d=mm&r=g\",\"contentUrl\":\"https:\\\/\\\/secure.gravatar.com\\\/avatar\\\/68a369b1519bf951acc27e328a29a1858b2c7a8bd238111715658ac20bcb4391?s=96&d=mm&r=g\",\"caption\":\"manoelmaranhao\"},\"url\":\"https:\\\/\\\/feiradeciencias.pucpr.br\\\/2024\\\/author\\\/manoelmaranhao\\\/\"}]}<\/script>\n<!-- \/ Yoast SEO plugin. -->","yoast_head_json":{"title":"PR\u00caMIO NOBEL - Feira de Ci\u00eancias PUCPR | 2024","robots":{"index":"index","follow":"follow","max-snippet":"max-snippet:-1","max-image-preview":"max-image-preview:large","max-video-preview":"max-video-preview:-1"},"canonical":"https:\/\/feiradeciencias.pucpr.br\/2024\/premio-nobel\/","og_locale":"pt_BR","og_type":"article","og_title":"PR\u00caMIO NOBEL - Feira de Ci\u00eancias PUCPR | 2024","og_description":"GALERIA DO PR\u00caMIO NOBEL O Pr\u00eamio Nobel \u00e9 o maior reconhecimento que um cientista pode receber dos resultados encontrados em suas pesquisas. Anualmente, seis pr\u00eamios internacionais s\u00e3o concedidos a pessoas ou institui\u00e7\u00f5es que realizaram pesquisas, descobertas ou contribui\u00e7\u00f5es relevantes para a Humanidade no ano imediatamente anterior ou no curso de suas atividades.\u00a0 A Academia Real [&hellip;]","og_url":"https:\/\/feiradeciencias.pucpr.br\/2024\/premio-nobel\/","og_site_name":"Feira de Ci\u00eancias PUCPR | 2024","article_published_time":"2022-05-17T14:30:01+00:00","article_modified_time":"2024-03-14T20:58:11+00:00","author":"manoelmaranhao","twitter_card":"summary_large_image","twitter_misc":{"Escrito por":"manoelmaranhao","Est. tempo de leitura":"1 minuto"},"schema":{"@context":"https:\/\/schema.org","@graph":[{"@type":"Article","@id":"https:\/\/feiradeciencias.pucpr.br\/2024\/premio-nobel\/#article","isPartOf":{"@id":"https:\/\/feiradeciencias.pucpr.br\/2024\/premio-nobel\/"},"author":{"name":"manoelmaranhao","@id":"https:\/\/feiradeciencias.pucpr.br\/2024\/#\/schema\/person\/05b9255c260bb6bca53021119600142a"},"headline":"PR\u00caMIO NOBEL","datePublished":"2022-05-17T14:30:01+00:00","dateModified":"2024-03-14T20:58:11+00:00","mainEntityOfPage":{"@id":"https:\/\/feiradeciencias.pucpr.br\/2024\/premio-nobel\/"},"wordCount":185,"commentCount":0,"publisher":{"@id":"https:\/\/feiradeciencias.pucpr.br\/2024\/#organization"},"inLanguage":"pt-BR","potentialAction":[{"@type":"CommentAction","name":"Comment","target":["https:\/\/feiradeciencias.pucpr.br\/2024\/premio-nobel\/#respond"]}]},{"@type":"WebPage","@id":"https:\/\/feiradeciencias.pucpr.br\/2024\/premio-nobel\/","url":"https:\/\/feiradeciencias.pucpr.br\/2024\/premio-nobel\/","name":"PR\u00caMIO NOBEL - Feira de Ci\u00eancias PUCPR | 2024","isPartOf":{"@id":"https:\/\/feiradeciencias.pucpr.br\/2024\/#website"},"datePublished":"2022-05-17T14:30:01+00:00","dateModified":"2024-03-14T20:58:11+00:00","breadcrumb":{"@id":"https:\/\/feiradeciencias.pucpr.br\/2024\/premio-nobel\/#breadcrumb"},"inLanguage":"pt-BR","potentialAction":[{"@type":"ReadAction","target":["https:\/\/feiradeciencias.pucpr.br\/2024\/premio-nobel\/"]}]},{"@type":"BreadcrumbList","@id":"https:\/\/feiradeciencias.pucpr.br\/2024\/premio-nobel\/#breadcrumb","itemListElement":[{"@type":"ListItem","position":1,"name":"In\u00edcio","item":"https:\/\/feiradeciencias.pucpr.br\/2024\/"},{"@type":"ListItem","position":2,"name":"PR\u00caMIO NOBEL"}]},{"@type":"WebSite","@id":"https:\/\/feiradeciencias.pucpr.br\/2024\/#website","url":"https:\/\/feiradeciencias.pucpr.br\/2024\/","name":"Feira de Ci\u00eancias PUCPR | 2024","description":"9\u00aa Feira de Ci\u00eancias J\u00fanior da PUCPR e 5\u00aa Mostra Paralela da PUCPR | 2024","publisher":{"@id":"https:\/\/feiradeciencias.pucpr.br\/2024\/#organization"},"potentialAction":[{"@type":"SearchAction","target":{"@type":"EntryPoint","urlTemplate":"https:\/\/feiradeciencias.pucpr.br\/2024\/?s={search_term_string}"},"query-input":{"@type":"PropertyValueSpecification","valueRequired":true,"valueName":"search_term_string"}}],"inLanguage":"pt-BR"},{"@type":"Organization","@id":"https:\/\/feiradeciencias.pucpr.br\/2024\/#organization","name":"Feira de Ci\u00eancias PUCPR | 2024","url":"https:\/\/feiradeciencias.pucpr.br\/2024\/","logo":{"@type":"ImageObject","inLanguage":"pt-BR","@id":"https:\/\/feiradeciencias.pucpr.br\/2024\/#\/schema\/logo\/image\/","url":"https:\/\/feiradeciencias.pucpr.br\/2024\/wp-content\/uploads\/sites\/5\/2022\/05\/logo-puc-branca-horizontal.png","contentUrl":"https:\/\/feiradeciencias.pucpr.br\/2024\/wp-content\/uploads\/sites\/5\/2022\/05\/logo-puc-branca-horizontal.png","width":221,"height":100,"caption":"Feira de Ci\u00eancias PUCPR | 2024"},"image":{"@id":"https:\/\/feiradeciencias.pucpr.br\/2024\/#\/schema\/logo\/image\/"}},{"@type":"Person","@id":"https:\/\/feiradeciencias.pucpr.br\/2024\/#\/schema\/person\/05b9255c260bb6bca53021119600142a","name":"manoelmaranhao","image":{"@type":"ImageObject","inLanguage":"pt-BR","@id":"https:\/\/secure.gravatar.com\/avatar\/68a369b1519bf951acc27e328a29a1858b2c7a8bd238111715658ac20bcb4391?s=96&d=mm&r=g","url":"https:\/\/secure.gravatar.com\/avatar\/68a369b1519bf951acc27e328a29a1858b2c7a8bd238111715658ac20bcb4391?s=96&d=mm&r=g","contentUrl":"https:\/\/secure.gravatar.com\/avatar\/68a369b1519bf951acc27e328a29a1858b2c7a8bd238111715658ac20bcb4391?s=96&d=mm&r=g","caption":"manoelmaranhao"},"url":"https:\/\/feiradeciencias.pucpr.br\/2024\/author\/manoelmaranhao\/"}]}},"_links":{"self":[{"href":"https:\/\/feiradeciencias.pucpr.br\/2024\/wp-json\/wp\/v2\/posts\/125","targetHints":{"allow":["GET"]}}],"collection":[{"href":"https:\/\/feiradeciencias.pucpr.br\/2024\/wp-json\/wp\/v2\/posts"}],"about":[{"href":"https:\/\/feiradeciencias.pucpr.br\/2024\/wp-json\/wp\/v2\/types\/post"}],"author":[{"embeddable":true,"href":"https:\/\/feiradeciencias.pucpr.br\/2024\/wp-json\/wp\/v2\/users\/2"}],"replies":[{"embeddable":true,"href":"https:\/\/feiradeciencias.pucpr.br\/2024\/wp-json\/wp\/v2\/comments?post=125"}],"version-history":[{"count":3,"href":"https:\/\/feiradeciencias.pucpr.br\/2024\/wp-json\/wp\/v2\/posts\/125\/revisions"}],"predecessor-version":[{"id":2583,"href":"https:\/\/feiradeciencias.pucpr.br\/2024\/wp-json\/wp\/v2\/posts\/125\/revisions\/2583"}],"wp:attachment":[{"href":"https:\/\/feiradeciencias.pucpr.br\/2024\/wp-json\/wp\/v2\/media?parent=125"}],"wp:term":[{"taxonomy":"category","embeddable":true,"href":"https:\/\/feiradeciencias.pucpr.br\/2024\/wp-json\/wp\/v2\/categories?post=125"},{"taxonomy":"post_tag","embeddable":true,"href":"https:\/\/feiradeciencias.pucpr.br\/2024\/wp-json\/wp\/v2\/tags?post=125"}],"curies":[{"name":"wp","href":"https:\/\/api.w.org\/{rel}","templated":true}]}}