{"id":131,"date":"2022-05-17T11:32:34","date_gmt":"2022-05-17T14:32:34","guid":{"rendered":"https:\/\/feiradeciencias.pucpr.br\/2024\/?p=131"},"modified":"2024-07-04T11:56:21","modified_gmt":"2024-07-04T14:56:21","slug":"edicoes-anteriores","status":"publish","type":"post","link":"https:\/\/feiradeciencias.pucpr.br\/2024\/edicoes-anteriores\/","title":{"rendered":"EDI\u00c7\u00d5ES ANTERIORES"},"content":{"rendered":"\t\t<div data-elementor-type=\"wp-post\" data-elementor-id=\"131\" class=\"elementor elementor-131\" data-elementor-post-type=\"post\">\n\t\t\t\t\t\t<section class=\"elementor-section elementor-top-section elementor-element elementor-element-4be8f001 elementor-section-full_width elementor-section-height-default elementor-section-height-default\" data-id=\"4be8f001\" data-element_type=\"section\" data-e-type=\"section\">\n\t\t\t\t\t\t<div class=\"elementor-container elementor-column-gap-no\">\n\t\t\t\t\t<div class=\"elementor-column elementor-col-100 elementor-top-column elementor-element elementor-element-15965a34\" data-id=\"15965a34\" data-element_type=\"column\" data-e-type=\"column\">\n\t\t\t<div class=\"elementor-widget-wrap elementor-element-populated\">\n\t\t\t\t\t\t<div class=\"elementor-element elementor-element-57d517b2 elementor-widget elementor-widget-text-editor\" data-id=\"57d517b2\" data-element_type=\"widget\" data-e-type=\"widget\" data-widget_type=\"text-editor.default\">\n\t\t\t\t<div class=\"elementor-widget-container\">\n\t\t\t\t\t\t\t\t\t<p>A Feira de Ci\u00eancias Junior da PUCPR j\u00e1 \u00e9 tradicional na Universidade, e vem sendo realizada desde 2016. A 3<sup>a<\/sup> Mostra Paralela de Ci\u00eancias J\u00fanior acontece desde 2020. Conhe\u00e7a mais sobre os eventos anteriores:<\/p>\t\t\t\t\t\t\t\t<\/div>\n\t\t\t\t<\/div>\n\t\t\t\t\t<\/div>\n\t\t<\/div>\n\t\t\t\t\t<\/div>\n\t\t<\/section>\n\t\t\t\t<section class=\"elementor-section elementor-top-section elementor-element elementor-element-2460082 elementor-section-full_width elementor-section-height-default elementor-section-height-default\" data-id=\"2460082\" data-element_type=\"section\" data-e-type=\"section\">\n\t\t\t\t\t\t<div class=\"elementor-container elementor-column-gap-no\">\n\t\t\t\t\t<div class=\"elementor-column elementor-col-50 elementor-top-column elementor-element elementor-element-b1fbedb\" data-id=\"b1fbedb\" data-element_type=\"column\" data-e-type=\"column\">\n\t\t\t<div class=\"elementor-widget-wrap elementor-element-populated\">\n\t\t\t\t\t\t<div class=\"elementor-element elementor-element-f5910ba elementor-widget elementor-widget-heading\" data-id=\"f5910ba\" data-element_type=\"widget\" data-e-type=\"widget\" data-widget_type=\"heading.default\">\n\t\t\t\t<div class=\"elementor-widget-container\">\n\t\t\t\t\t<h5 class=\"elementor-heading-title elementor-size-default\">8\u00aa Feira de Ci\u00eancias J\u00fanior da PUCPR e 4\u00aa Mostra Paralela de Ci\u00eancias J\u00fanior <\/h5>\t\t\t\t<\/div>\n\t\t\t\t<\/div>\n\t\t\t\t<div class=\"elementor-element elementor-element-be26fd7 elementor-widget elementor-widget-image\" data-id=\"be26fd7\" data-element_type=\"widget\" data-e-type=\"widget\" data-widget_type=\"image.default\">\n\t\t\t\t<div class=\"elementor-widget-container\">\n\t\t\t\t\t\t\t\t\t\t\t\t\t\t\t<img decoding=\"async\" src=\"https:\/\/feiradeciencias.pucpr.br\/2024\/wp-content\/uploads\/sites\/5\/elementor\/thumbs\/feira_mostra_eventum_778x400px-e1710511223865-rj3sxasmo3vefza3jqq8td8a5dbhhaxokifu83214a.jpg\" title=\"feira_mostra_eventum_778x400px\" alt=\"feira_mostra_eventum_778x400px\" loading=\"lazy\" \/>\t\t\t\t\t\t\t\t\t\t\t\t\t\t\t<\/div>\n\t\t\t\t<\/div>\n\t\t\t\t<div class=\"elementor-element elementor-element-978241f elementor-align-center elementor-widget elementor-widget-button\" data-id=\"978241f\" data-element_type=\"widget\" data-e-type=\"widget\" data-widget_type=\"button.default\">\n\t\t\t\t<div class=\"elementor-widget-container\">\n\t\t\t\t\t\t\t\t\t<div class=\"elementor-button-wrapper\">\n\t\t\t\t\t<a class=\"elementor-button elementor-button-link elementor-size-sm\" href=\"http:\/\/feiradeciencias.pucpr.br\/wp-content\/uploads\/2024\/07\/ANAIS-8a-FEIRA.pdf\" target=\"_blank\">\n\t\t\t\t\t\t<span class=\"elementor-button-content-wrapper\">\n\t\t\t\t\t\t\t\t\t<span class=\"elementor-button-text\">Anais do Evento<\/span>\n\t\t\t\t\t<\/span>\n\t\t\t\t\t<\/a>\n\t\t\t\t<\/div>\n\t\t\t\t\t\t\t\t<\/div>\n\t\t\t\t<\/div>\n\t\t\t\t\t<\/div>\n\t\t<\/div>\n\t\t\t\t<div class=\"elementor-column elementor-col-50 elementor-top-column elementor-element elementor-element-e79c990\" data-id=\"e79c990\" data-element_type=\"column\" data-e-type=\"column\">\n\t\t\t<div class=\"elementor-widget-wrap elementor-element-populated\">\n\t\t\t\t\t\t<div class=\"elementor-element elementor-element-cd55ce4 elementor-widget elementor-widget-heading\" data-id=\"cd55ce4\" data-element_type=\"widget\" data-e-type=\"widget\" data-widget_type=\"heading.default\">\n\t\t\t\t<div class=\"elementor-widget-container\">\n\t\t\t\t\t<h5 class=\"elementor-heading-title elementor-size-default\">7\u00aa Feira de Ci\u00eancias J\u00fanior da PUCPR e 3\u00aa Mostra Paralela de Ci\u00eancias J\u00fanior<\/h5>\t\t\t\t<\/div>\n\t\t\t\t<\/div>\n\t\t\t\t<div class=\"elementor-element elementor-element-0891b9e elementor-widget elementor-widget-image\" data-id=\"0891b9e\" data-element_type=\"widget\" data-e-type=\"widget\" data-widget_type=\"image.default\">\n\t\t\t\t<div class=\"elementor-widget-container\">\n\t\t\t\t\t\t\t\t\t\t\t\t\t\t\t<img fetchpriority=\"high\" decoding=\"async\" width=\"800\" height=\"337\" src=\"https:\/\/feiradeciencias.pucpr.br\/2024\/wp-content\/uploads\/sites\/5\/2022\/05\/Captura-de-Tela-2024-03-15-as-10.57.04.png\" class=\"attachment-full size-full wp-image-2613\" alt=\"\" srcset=\"https:\/\/feiradeciencias.pucpr.br\/2024\/wp-content\/uploads\/sites\/5\/2022\/05\/Captura-de-Tela-2024-03-15-as-10.57.04.png 800w, https:\/\/feiradeciencias.pucpr.br\/2024\/wp-content\/uploads\/sites\/5\/2022\/05\/Captura-de-Tela-2024-03-15-as-10.57.04-300x126.png 300w, https:\/\/feiradeciencias.pucpr.br\/2024\/wp-content\/uploads\/sites\/5\/2022\/05\/Captura-de-Tela-2024-03-15-as-10.57.04-150x63.png 150w, https:\/\/feiradeciencias.pucpr.br\/2024\/wp-content\/uploads\/sites\/5\/2022\/05\/Captura-de-Tela-2024-03-15-as-10.57.04-768x324.png 768w\" sizes=\"(max-width: 800px) 100vw, 800px\" \/>\t\t\t\t\t\t\t\t\t\t\t\t\t\t\t<\/div>\n\t\t\t\t<\/div>\n\t\t\t\t<div class=\"elementor-element elementor-element-1c17d87 elementor-align-center elementor-widget elementor-widget-button\" data-id=\"1c17d87\" data-element_type=\"widget\" data-e-type=\"widget\" data-widget_type=\"button.default\">\n\t\t\t\t<div class=\"elementor-widget-container\">\n\t\t\t\t\t\t\t\t\t<div class=\"elementor-button-wrapper\">\n\t\t\t\t\t<a class=\"elementor-button elementor-button-link elementor-size-sm\" href=\"http:\/\/feiradeciencias.pucpr.br\/wp-content\/uploads\/2024\/07\/ANAIS-7a-FEIRA.pdf\" target=\"_blank\">\n\t\t\t\t\t\t<span class=\"elementor-button-content-wrapper\">\n\t\t\t\t\t\t\t\t\t<span class=\"elementor-button-text\">Anais do Evento<\/span>\n\t\t\t\t\t<\/span>\n\t\t\t\t\t<\/a>\n\t\t\t\t<\/div>\n\t\t\t\t\t\t\t\t<\/div>\n\t\t\t\t<\/div>\n\t\t\t\t\t<\/div>\n\t\t<\/div>\n\t\t\t\t\t<\/div>\n\t\t<\/section>\n\t\t\t\t<section class=\"elementor-section elementor-top-section elementor-element elementor-element-08c01a0 elementor-section-full_width elementor-section-height-default elementor-section-height-default\" data-id=\"08c01a0\" data-element_type=\"section\" data-e-type=\"section\">\n\t\t\t\t\t\t<div class=\"elementor-container elementor-column-gap-no\">\n\t\t\t\t\t<div class=\"elementor-column elementor-col-50 elementor-top-column elementor-element elementor-element-784ea6f\" data-id=\"784ea6f\" data-element_type=\"column\" data-e-type=\"column\">\n\t\t\t<div class=\"elementor-widget-wrap elementor-element-populated\">\n\t\t\t\t\t\t<div class=\"elementor-element elementor-element-05e0876 elementor-widget elementor-widget-heading\" data-id=\"05e0876\" data-element_type=\"widget\" data-e-type=\"widget\" data-widget_type=\"heading.default\">\n\t\t\t\t<div class=\"elementor-widget-container\">\n\t\t\t\t\t<h5 class=\"elementor-heading-title elementor-size-default\">6\u00aa Feira de Ci\u00eancias J\u00fanior da PUCPR\n<\/h5>\t\t\t\t<\/div>\n\t\t\t\t<\/div>\n\t\t\t\t<div class=\"elementor-element elementor-element-8f0a4de elementor-widget elementor-widget-text-editor\" data-id=\"8f0a4de\" data-element_type=\"widget\" data-e-type=\"widget\" data-widget_type=\"text-editor.default\">\n\t\t\t\t<div class=\"elementor-widget-container\">\n\t\t\t\t\t\t\t\t\t<p><strong>Sa\u00fade + Sustentabilidade andam juntas<\/strong><\/p>\t\t\t\t\t\t\t\t<\/div>\n\t\t\t\t<\/div>\n\t\t\t\t<div class=\"elementor-element elementor-element-cd33768 elementor-widget elementor-widget-video\" data-id=\"cd33768\" data-element_type=\"widget\" data-e-type=\"widget\" data-settings=\"{&quot;youtube_url&quot;:&quot;https:\\\/\\\/www.youtube.com\\\/watch?v=1anbwtx8iKI&quot;,&quot;video_type&quot;:&quot;youtube&quot;,&quot;controls&quot;:&quot;yes&quot;}\" data-widget_type=\"video.default\">\n\t\t\t\t<div class=\"elementor-widget-container\">\n\t\t\t\t\t\t\t<div class=\"elementor-wrapper elementor-open-inline\">\n\t\t\t<div class=\"elementor-video\"><\/div>\t\t<\/div>\n\t\t\t\t\t\t<\/div>\n\t\t\t\t<\/div>\n\t\t\t\t\t<\/div>\n\t\t<\/div>\n\t\t\t\t<div class=\"elementor-column elementor-col-50 elementor-top-column elementor-element elementor-element-e9de565\" data-id=\"e9de565\" data-element_type=\"column\" data-e-type=\"column\">\n\t\t\t<div class=\"elementor-widget-wrap elementor-element-populated\">\n\t\t\t\t\t\t<div class=\"elementor-element elementor-element-70d8c94 elementor-widget elementor-widget-heading\" data-id=\"70d8c94\" data-element_type=\"widget\" data-e-type=\"widget\" data-widget_type=\"heading.default\">\n\t\t\t\t<div class=\"elementor-widget-container\">\n\t\t\t\t\t<h5 class=\"elementor-heading-title elementor-size-default\">5\u00aa Feira de Ci\u00eancias J\u00fanior da PUCPR<\/h5>\t\t\t\t<\/div>\n\t\t\t\t<\/div>\n\t\t\t\t<div class=\"elementor-element elementor-element-4a95a9a elementor-widget elementor-widget-text-editor\" data-id=\"4a95a9a\" data-element_type=\"widget\" data-e-type=\"widget\" data-widget_type=\"text-editor.default\">\n\t\t\t\t<div class=\"elementor-widget-container\">\n\t\t\t\t\t\t\t\t\t<p><strong>Cidades Inteligentes<\/strong><\/p>\t\t\t\t\t\t\t\t<\/div>\n\t\t\t\t<\/div>\n\t\t\t\t<div class=\"elementor-element elementor-element-57d82ed elementor-widget elementor-widget-image\" data-id=\"57d82ed\" data-element_type=\"widget\" data-e-type=\"widget\" data-widget_type=\"image.default\">\n\t\t\t\t<div class=\"elementor-widget-container\">\n\t\t\t\t\t\t\t\t\t\t\t\t\t\t\t<img decoding=\"async\" width=\"250\" height=\"250\" src=\"https:\/\/feiradeciencias.pucpr.br\/2024\/wp-content\/uploads\/sites\/5\/2022\/05\/logo_5.png\" class=\"attachment-full size-full wp-image-184\" alt=\"\" srcset=\"https:\/\/feiradeciencias.pucpr.br\/2024\/wp-content\/uploads\/sites\/5\/2022\/05\/logo_5.png 250w, https:\/\/feiradeciencias.pucpr.br\/2024\/wp-content\/uploads\/sites\/5\/2022\/05\/logo_5-150x150.png 150w\" sizes=\"(max-width: 250px) 100vw, 250px\" \/>\t\t\t\t\t\t\t\t\t\t\t\t\t\t\t<\/div>\n\t\t\t\t<\/div>\n\t\t\t\t\t<\/div>\n\t\t<\/div>\n\t\t\t\t\t<\/div>\n\t\t<\/section>\n\t\t\t\t<section class=\"elementor-section elementor-top-section elementor-element elementor-element-3a6b021 elementor-section-full_width elementor-section-height-default elementor-section-height-default\" data-id=\"3a6b021\" data-element_type=\"section\" data-e-type=\"section\">\n\t\t\t\t\t\t<div class=\"elementor-container elementor-column-gap-default\">\n\t\t\t\t\t<div class=\"elementor-column elementor-col-50 elementor-top-column elementor-element elementor-element-026afc7\" data-id=\"026afc7\" data-element_type=\"column\" data-e-type=\"column\">\n\t\t\t<div class=\"elementor-widget-wrap elementor-element-populated\">\n\t\t\t\t\t\t<div class=\"elementor-element elementor-element-ec1461b elementor-widget elementor-widget-heading\" data-id=\"ec1461b\" data-element_type=\"widget\" data-e-type=\"widget\" data-widget_type=\"heading.default\">\n\t\t\t\t<div class=\"elementor-widget-container\">\n\t\t\t\t\t<h5 class=\"elementor-heading-title elementor-size-default\">4\u00aa Feira de Ci\u00eancias J\u00fanior da PUCPR<\/h5>\t\t\t\t<\/div>\n\t\t\t\t<\/div>\n\t\t\t\t<div class=\"elementor-element elementor-element-44c6475 elementor-widget elementor-widget-text-editor\" data-id=\"44c6475\" data-element_type=\"widget\" data-e-type=\"widget\" data-widget_type=\"text-editor.default\">\n\t\t\t\t<div class=\"elementor-widget-container\">\n\t\t\t\t\t\t\t\t\t<p><strong>Pesquisa e inova\u00e7\u00e3o em sa\u00fade e biotecnologia. Isso \u00e9 multiversidade.<\/strong><\/p>\t\t\t\t\t\t\t\t<\/div>\n\t\t\t\t<\/div>\n\t\t\t\t<div class=\"elementor-element elementor-element-e7e4a29 elementor-widget elementor-widget-video\" data-id=\"e7e4a29\" data-element_type=\"widget\" data-e-type=\"widget\" data-settings=\"{&quot;youtube_url&quot;:&quot;https:\\\/\\\/www.youtube.com\\\/watch?v=iGnKAREMP6Q&amp;feature=youtu.be&quot;,&quot;video_type&quot;:&quot;youtube&quot;,&quot;controls&quot;:&quot;yes&quot;}\" data-widget_type=\"video.default\">\n\t\t\t\t<div class=\"elementor-widget-container\">\n\t\t\t\t\t\t\t<div class=\"elementor-wrapper elementor-open-inline\">\n\t\t\t<div class=\"elementor-video\"><\/div>\t\t<\/div>\n\t\t\t\t\t\t<\/div>\n\t\t\t\t<\/div>\n\t\t\t\t\t<\/div>\n\t\t<\/div>\n\t\t\t\t<div class=\"elementor-column elementor-col-50 elementor-top-column elementor-element elementor-element-e00b8a7\" data-id=\"e00b8a7\" data-element_type=\"column\" data-e-type=\"column\">\n\t\t\t<div class=\"elementor-widget-wrap elementor-element-populated\">\n\t\t\t\t\t\t<div class=\"elementor-element elementor-element-3c46d3e elementor-widget elementor-widget-heading\" data-id=\"3c46d3e\" data-element_type=\"widget\" data-e-type=\"widget\" data-widget_type=\"heading.default\">\n\t\t\t\t<div class=\"elementor-widget-container\">\n\t\t\t\t\t<h5 class=\"elementor-heading-title elementor-size-default\">3\u00aa Feira de Ci\u00eancias J\u00fanior da PUCPR<\/h5>\t\t\t\t<\/div>\n\t\t\t\t<\/div>\n\t\t\t\t<div class=\"elementor-element elementor-element-4d41ad2 elementor-widget elementor-widget-text-editor\" data-id=\"4d41ad2\" data-element_type=\"widget\" data-e-type=\"widget\" data-widget_type=\"text-editor.default\">\n\t\t\t\t<div class=\"elementor-widget-container\">\n\t\t\t\t\t\t\t\t\t<p><strong>Realidade Virtual e Aumentada, Jogos Digitais, Internet das Coisas.<\/strong><\/p>\t\t\t\t\t\t\t\t<\/div>\n\t\t\t\t<\/div>\n\t\t\t\t<div class=\"elementor-element elementor-element-43742c6 elementor-widget elementor-widget-video\" data-id=\"43742c6\" data-element_type=\"widget\" data-e-type=\"widget\" data-settings=\"{&quot;youtube_url&quot;:&quot;https:\\\/\\\/youtu.be\\\/SdkRObrDr8c&quot;,&quot;video_type&quot;:&quot;youtube&quot;,&quot;controls&quot;:&quot;yes&quot;}\" data-widget_type=\"video.default\">\n\t\t\t\t<div class=\"elementor-widget-container\">\n\t\t\t\t\t\t\t<div class=\"elementor-wrapper elementor-open-inline\">\n\t\t\t<div class=\"elementor-video\"><\/div>\t\t<\/div>\n\t\t\t\t\t\t<\/div>\n\t\t\t\t<\/div>\n\t\t\t\t\t<\/div>\n\t\t<\/div>\n\t\t\t\t\t<\/div>\n\t\t<\/section>\n\t\t\t\t<section class=\"elementor-section elementor-top-section elementor-element elementor-element-c052299 elementor-section-full_width elementor-section-height-default elementor-section-height-default\" data-id=\"c052299\" data-element_type=\"section\" data-e-type=\"section\" data-settings=\"{&quot;background_background&quot;:&quot;classic&quot;}\">\n\t\t\t\t\t\t<div class=\"elementor-container elementor-column-gap-default\">\n\t\t\t\t\t<div class=\"elementor-column elementor-col-50 elementor-top-column elementor-element elementor-element-1777b6d\" data-id=\"1777b6d\" data-element_type=\"column\" data-e-type=\"column\">\n\t\t\t<div class=\"elementor-widget-wrap elementor-element-populated\">\n\t\t\t\t\t\t<div class=\"elementor-element elementor-element-8469162 elementor-widget elementor-widget-heading\" data-id=\"8469162\" data-element_type=\"widget\" data-e-type=\"widget\" data-widget_type=\"heading.default\">\n\t\t\t\t<div class=\"elementor-widget-container\">\n\t\t\t\t\t<h5 class=\"elementor-heading-title elementor-size-default\">1\u00aa Feira de Ci\u00eancias J\u00fanior da PUCPR<\/h5>\t\t\t\t<\/div>\n\t\t\t\t<\/div>\n\t\t\t\t<div class=\"elementor-element elementor-element-70d1afc elementor-widget elementor-widget-text-editor\" data-id=\"70d1afc\" data-element_type=\"widget\" data-e-type=\"widget\" data-widget_type=\"text-editor.default\">\n\t\t\t\t<div class=\"elementor-widget-container\">\n\t\t\t\t\t\t\t\t\t<p><strong>Energia renov\u00e1vel e efici\u00eancia energ\u00e9tica para a sua cidade.<\/strong><\/p><p>\u00a0<\/p>\t\t\t\t\t\t\t\t<\/div>\n\t\t\t\t<\/div>\n\t\t\t\t<div class=\"elementor-element elementor-element-fa35201 elementor-widget elementor-widget-video\" data-id=\"fa35201\" data-element_type=\"widget\" data-e-type=\"widget\" data-settings=\"{&quot;youtube_url&quot;:&quot;https:\\\/\\\/www.youtube.com\\\/watch?v=1Rcf0NijYNI&quot;,&quot;video_type&quot;:&quot;youtube&quot;,&quot;controls&quot;:&quot;yes&quot;}\" data-widget_type=\"video.default\">\n\t\t\t\t<div class=\"elementor-widget-container\">\n\t\t\t\t\t\t\t<div class=\"elementor-wrapper elementor-open-inline\">\n\t\t\t<div class=\"elementor-video\"><\/div>\t\t<\/div>\n\t\t\t\t\t\t<\/div>\n\t\t\t\t<\/div>\n\t\t\t\t\t<\/div>\n\t\t<\/div>\n\t\t\t\t<div class=\"elementor-column elementor-col-50 elementor-top-column elementor-element elementor-element-8331000\" data-id=\"8331000\" data-element_type=\"column\" data-e-type=\"column\">\n\t\t\t<div class=\"elementor-widget-wrap elementor-element-populated\">\n\t\t\t\t\t\t<div class=\"elementor-element elementor-element-1884463 elementor-widget elementor-widget-heading\" data-id=\"1884463\" data-element_type=\"widget\" data-e-type=\"widget\" data-widget_type=\"heading.default\">\n\t\t\t\t<div class=\"elementor-widget-container\">\n\t\t\t\t\t<h5 class=\"elementor-heading-title elementor-size-default\">2\u00aa Feira de Ci\u00eancias J\u00fanior da PUCPR<\/h5>\t\t\t\t<\/div>\n\t\t\t\t<\/div>\n\t\t\t\t<div class=\"elementor-element elementor-element-cb9a3aa elementor-widget elementor-widget-text-editor\" data-id=\"cb9a3aa\" data-element_type=\"widget\" data-e-type=\"widget\" data-widget_type=\"text-editor.default\">\n\t\t\t\t<div class=\"elementor-widget-container\">\n\t\t\t\t\t\t\t\t\t<p><strong>Tecnologias inovativas: Mudando o hoje e inspirando o amanh\u00e3.<\/strong><\/p>\t\t\t\t\t\t\t\t<\/div>\n\t\t\t\t<\/div>\n\t\t\t\t<div class=\"elementor-element elementor-element-b7cb12c elementor-widget elementor-widget-video\" data-id=\"b7cb12c\" data-element_type=\"widget\" data-e-type=\"widget\" data-settings=\"{&quot;youtube_url&quot;:&quot;https:\\\/\\\/youtu.be\\\/7cmeT1M73ko&quot;,&quot;video_type&quot;:&quot;youtube&quot;,&quot;controls&quot;:&quot;yes&quot;}\" data-widget_type=\"video.default\">\n\t\t\t\t<div class=\"elementor-widget-container\">\n\t\t\t\t\t\t\t<div class=\"elementor-wrapper elementor-open-inline\">\n\t\t\t<div class=\"elementor-video\"><\/div>\t\t<\/div>\n\t\t\t\t\t\t<\/div>\n\t\t\t\t<\/div>\n\t\t\t\t\t<\/div>\n\t\t<\/div>\n\t\t\t\t\t<\/div>\n\t\t<\/section>\n\t\t\t\t<\/div>\n\t\t","protected":false},"excerpt":{"rendered":"<p>A Feira de Ci\u00eancias Junior da PUCPR j\u00e1 \u00e9 tradicional na Universidade, e vem sendo realizada desde 2016. A 3a Mostra Paralela de Ci\u00eancias J\u00fanior acontece desde 2020. Conhe\u00e7a mais sobre os eventos anteriores: 8\u00aa Feira de Ci\u00eancias J\u00fanior da PUCPR e 4\u00aa Mostra Paralela de Ci\u00eancias J\u00fanior Anais do Evento 7\u00aa Feira de Ci\u00eancias [&hellip;]<\/p>\n","protected":false},"author":2,"featured_media":0,"comment_status":"open","ping_status":"open","sticky":false,"template":"","format":"standard","meta":{"_acf_changed":false,"footnotes":""},"categories":[1],"tags":[],"class_list":["post-131","post","type-post","status-publish","format-standard","hentry","category-sem-categoria"],"acf":[],"yoast_head":"<!-- This site is optimized with the Yoast SEO plugin v27.4 - https:\/\/yoast.com\/product\/yoast-seo-wordpress\/ -->\n<title>EDI\u00c7\u00d5ES ANTERIORES - Feira de Ci\u00eancias PUCPR | 2024<\/title>\n<meta name=\"robots\" content=\"index, follow, max-snippet:-1, max-image-preview:large, max-video-preview:-1\" \/>\n<link rel=\"canonical\" href=\"https:\/\/feiradeciencias.pucpr.br\/2024\/edicoes-anteriores\/\" \/>\n<meta property=\"og:locale\" content=\"pt_BR\" \/>\n<meta property=\"og:type\" content=\"article\" \/>\n<meta property=\"og:title\" content=\"EDI\u00c7\u00d5ES ANTERIORES - Feira de Ci\u00eancias PUCPR | 2024\" \/>\n<meta property=\"og:description\" content=\"A Feira de Ci\u00eancias Junior da PUCPR j\u00e1 \u00e9 tradicional na Universidade, e vem sendo realizada desde 2016. A 3a Mostra Paralela de Ci\u00eancias J\u00fanior acontece desde 2020. Conhe\u00e7a mais sobre os eventos anteriores: 8\u00aa Feira de Ci\u00eancias J\u00fanior da PUCPR e 4\u00aa Mostra Paralela de Ci\u00eancias J\u00fanior Anais do Evento 7\u00aa Feira de Ci\u00eancias [&hellip;]\" \/>\n<meta property=\"og:url\" content=\"https:\/\/feiradeciencias.pucpr.br\/2024\/edicoes-anteriores\/\" \/>\n<meta property=\"og:site_name\" content=\"Feira de Ci\u00eancias PUCPR | 2024\" \/>\n<meta property=\"article:published_time\" content=\"2022-05-17T14:32:34+00:00\" \/>\n<meta property=\"article:modified_time\" content=\"2024-07-04T14:56:21+00:00\" \/>\n<meta property=\"og:image\" content=\"https:\/\/feiradeciencias.pucpr.br\/2024\/wp-content\/uploads\/sites\/5\/elementor\/thumbs\/feira_mostra_eventum_778x400px-e1710511223865-ql91hpo1cg3ykbsq6xudu4gr7yljsyjkc7otk3gomi.jpg\" \/>\n<meta name=\"author\" content=\"manoelmaranhao\" \/>\n<meta name=\"twitter:card\" content=\"summary_large_image\" \/>\n<meta name=\"twitter:label1\" content=\"Escrito por\" \/>\n\t<meta name=\"twitter:data1\" content=\"manoelmaranhao\" \/>\n\t<meta name=\"twitter:label2\" content=\"Est. tempo de leitura\" \/>\n\t<meta name=\"twitter:data2\" content=\"2 minutos\" \/>\n<script type=\"application\/ld+json\" class=\"yoast-schema-graph\">{\"@context\":\"https:\\\/\\\/schema.org\",\"@graph\":[{\"@type\":\"Article\",\"@id\":\"https:\\\/\\\/feiradeciencias.pucpr.br\\\/2024\\\/edicoes-anteriores\\\/#article\",\"isPartOf\":{\"@id\":\"https:\\\/\\\/feiradeciencias.pucpr.br\\\/2024\\\/edicoes-anteriores\\\/\"},\"author\":{\"name\":\"manoelmaranhao\",\"@id\":\"https:\\\/\\\/feiradeciencias.pucpr.br\\\/2024\\\/#\\\/schema\\\/person\\\/05b9255c260bb6bca53021119600142a\"},\"headline\":\"EDI\u00c7\u00d5ES ANTERIORES\",\"datePublished\":\"2022-05-17T14:32:34+00:00\",\"dateModified\":\"2024-07-04T14:56:21+00:00\",\"mainEntityOfPage\":{\"@id\":\"https:\\\/\\\/feiradeciencias.pucpr.br\\\/2024\\\/edicoes-anteriores\\\/\"},\"wordCount\":210,\"commentCount\":0,\"publisher\":{\"@id\":\"https:\\\/\\\/feiradeciencias.pucpr.br\\\/2024\\\/#organization\"},\"image\":{\"@id\":\"https:\\\/\\\/feiradeciencias.pucpr.br\\\/2024\\\/edicoes-anteriores\\\/#primaryimage\"},\"thumbnailUrl\":\"https:\\\/\\\/feiradeciencias.pucpr.br\\\/2024\\\/wp-content\\\/uploads\\\/sites\\\/5\\\/elementor\\\/thumbs\\\/feira_mostra_eventum_778x400px-e1710511223865-ql91hpo1cg3ykbsq6xudu4gr7yljsyjkc7otk3gomi.jpg\",\"inLanguage\":\"pt-BR\",\"potentialAction\":[{\"@type\":\"CommentAction\",\"name\":\"Comment\",\"target\":[\"https:\\\/\\\/feiradeciencias.pucpr.br\\\/2024\\\/edicoes-anteriores\\\/#respond\"]}]},{\"@type\":\"WebPage\",\"@id\":\"https:\\\/\\\/feiradeciencias.pucpr.br\\\/2024\\\/edicoes-anteriores\\\/\",\"url\":\"https:\\\/\\\/feiradeciencias.pucpr.br\\\/2024\\\/edicoes-anteriores\\\/\",\"name\":\"EDI\u00c7\u00d5ES ANTERIORES - Feira de Ci\u00eancias PUCPR | 2024\",\"isPartOf\":{\"@id\":\"https:\\\/\\\/feiradeciencias.pucpr.br\\\/2024\\\/#website\"},\"primaryImageOfPage\":{\"@id\":\"https:\\\/\\\/feiradeciencias.pucpr.br\\\/2024\\\/edicoes-anteriores\\\/#primaryimage\"},\"image\":{\"@id\":\"https:\\\/\\\/feiradeciencias.pucpr.br\\\/2024\\\/edicoes-anteriores\\\/#primaryimage\"},\"thumbnailUrl\":\"https:\\\/\\\/feiradeciencias.pucpr.br\\\/2024\\\/wp-content\\\/uploads\\\/sites\\\/5\\\/elementor\\\/thumbs\\\/feira_mostra_eventum_778x400px-e1710511223865-ql91hpo1cg3ykbsq6xudu4gr7yljsyjkc7otk3gomi.jpg\",\"datePublished\":\"2022-05-17T14:32:34+00:00\",\"dateModified\":\"2024-07-04T14:56:21+00:00\",\"breadcrumb\":{\"@id\":\"https:\\\/\\\/feiradeciencias.pucpr.br\\\/2024\\\/edicoes-anteriores\\\/#breadcrumb\"},\"inLanguage\":\"pt-BR\",\"potentialAction\":[{\"@type\":\"ReadAction\",\"target\":[\"https:\\\/\\\/feiradeciencias.pucpr.br\\\/2024\\\/edicoes-anteriores\\\/\"]}]},{\"@type\":\"ImageObject\",\"inLanguage\":\"pt-BR\",\"@id\":\"https:\\\/\\\/feiradeciencias.pucpr.br\\\/2024\\\/edicoes-anteriores\\\/#primaryimage\",\"url\":\"https:\\\/\\\/feiradeciencias.pucpr.br\\\/2024\\\/wp-content\\\/uploads\\\/sites\\\/5\\\/elementor\\\/thumbs\\\/feira_mostra_eventum_778x400px-e1710511223865-ql91hpo1cg3ykbsq6xudu4gr7yljsyjkc7otk3gomi.jpg\",\"contentUrl\":\"https:\\\/\\\/feiradeciencias.pucpr.br\\\/2024\\\/wp-content\\\/uploads\\\/sites\\\/5\\\/elementor\\\/thumbs\\\/feira_mostra_eventum_778x400px-e1710511223865-ql91hpo1cg3ykbsq6xudu4gr7yljsyjkc7otk3gomi.jpg\"},{\"@type\":\"BreadcrumbList\",\"@id\":\"https:\\\/\\\/feiradeciencias.pucpr.br\\\/2024\\\/edicoes-anteriores\\\/#breadcrumb\",\"itemListElement\":[{\"@type\":\"ListItem\",\"position\":1,\"name\":\"In\u00edcio\",\"item\":\"https:\\\/\\\/feiradeciencias.pucpr.br\\\/2024\\\/\"},{\"@type\":\"ListItem\",\"position\":2,\"name\":\"EDI\u00c7\u00d5ES ANTERIORES\"}]},{\"@type\":\"WebSite\",\"@id\":\"https:\\\/\\\/feiradeciencias.pucpr.br\\\/2024\\\/#website\",\"url\":\"https:\\\/\\\/feiradeciencias.pucpr.br\\\/2024\\\/\",\"name\":\"Feira de Ci\u00eancias PUCPR | 2024\",\"description\":\"9\u00aa Feira de Ci\u00eancias J\u00fanior da PUCPR e 5\u00aa Mostra Paralela da PUCPR | 2024\",\"publisher\":{\"@id\":\"https:\\\/\\\/feiradeciencias.pucpr.br\\\/2024\\\/#organization\"},\"potentialAction\":[{\"@type\":\"SearchAction\",\"target\":{\"@type\":\"EntryPoint\",\"urlTemplate\":\"https:\\\/\\\/feiradeciencias.pucpr.br\\\/2024\\\/?s={search_term_string}\"},\"query-input\":{\"@type\":\"PropertyValueSpecification\",\"valueRequired\":true,\"valueName\":\"search_term_string\"}}],\"inLanguage\":\"pt-BR\"},{\"@type\":\"Organization\",\"@id\":\"https:\\\/\\\/feiradeciencias.pucpr.br\\\/2024\\\/#organization\",\"name\":\"Feira de Ci\u00eancias PUCPR | 2024\",\"url\":\"https:\\\/\\\/feiradeciencias.pucpr.br\\\/2024\\\/\",\"logo\":{\"@type\":\"ImageObject\",\"inLanguage\":\"pt-BR\",\"@id\":\"https:\\\/\\\/feiradeciencias.pucpr.br\\\/2024\\\/#\\\/schema\\\/logo\\\/image\\\/\",\"url\":\"https:\\\/\\\/feiradeciencias.pucpr.br\\\/2024\\\/wp-content\\\/uploads\\\/sites\\\/5\\\/2022\\\/05\\\/logo-puc-branca-horizontal.png\",\"contentUrl\":\"https:\\\/\\\/feiradeciencias.pucpr.br\\\/2024\\\/wp-content\\\/uploads\\\/sites\\\/5\\\/2022\\\/05\\\/logo-puc-branca-horizontal.png\",\"width\":221,\"height\":100,\"caption\":\"Feira de Ci\u00eancias PUCPR | 2024\"},\"image\":{\"@id\":\"https:\\\/\\\/feiradeciencias.pucpr.br\\\/2024\\\/#\\\/schema\\\/logo\\\/image\\\/\"}},{\"@type\":\"Person\",\"@id\":\"https:\\\/\\\/feiradeciencias.pucpr.br\\\/2024\\\/#\\\/schema\\\/person\\\/05b9255c260bb6bca53021119600142a\",\"name\":\"manoelmaranhao\",\"image\":{\"@type\":\"ImageObject\",\"inLanguage\":\"pt-BR\",\"@id\":\"https:\\\/\\\/secure.gravatar.com\\\/avatar\\\/68a369b1519bf951acc27e328a29a1858b2c7a8bd238111715658ac20bcb4391?s=96&d=mm&r=g\",\"url\":\"https:\\\/\\\/secure.gravatar.com\\\/avatar\\\/68a369b1519bf951acc27e328a29a1858b2c7a8bd238111715658ac20bcb4391?s=96&d=mm&r=g\",\"contentUrl\":\"https:\\\/\\\/secure.gravatar.com\\\/avatar\\\/68a369b1519bf951acc27e328a29a1858b2c7a8bd238111715658ac20bcb4391?s=96&d=mm&r=g\",\"caption\":\"manoelmaranhao\"},\"url\":\"https:\\\/\\\/feiradeciencias.pucpr.br\\\/2024\\\/author\\\/manoelmaranhao\\\/\"}]}<\/script>\n<!-- \/ Yoast SEO plugin. -->","yoast_head_json":{"title":"EDI\u00c7\u00d5ES ANTERIORES - Feira de Ci\u00eancias PUCPR | 2024","robots":{"index":"index","follow":"follow","max-snippet":"max-snippet:-1","max-image-preview":"max-image-preview:large","max-video-preview":"max-video-preview:-1"},"canonical":"https:\/\/feiradeciencias.pucpr.br\/2024\/edicoes-anteriores\/","og_locale":"pt_BR","og_type":"article","og_title":"EDI\u00c7\u00d5ES ANTERIORES - Feira de Ci\u00eancias PUCPR | 2024","og_description":"A Feira de Ci\u00eancias Junior da PUCPR j\u00e1 \u00e9 tradicional na Universidade, e vem sendo realizada desde 2016. A 3a Mostra Paralela de Ci\u00eancias J\u00fanior acontece desde 2020. Conhe\u00e7a mais sobre os eventos anteriores: 8\u00aa Feira de Ci\u00eancias J\u00fanior da PUCPR e 4\u00aa Mostra Paralela de Ci\u00eancias J\u00fanior Anais do Evento 7\u00aa Feira de Ci\u00eancias [&hellip;]","og_url":"https:\/\/feiradeciencias.pucpr.br\/2024\/edicoes-anteriores\/","og_site_name":"Feira de Ci\u00eancias PUCPR | 2024","article_published_time":"2022-05-17T14:32:34+00:00","article_modified_time":"2024-07-04T14:56:21+00:00","og_image":[{"url":"https:\/\/feiradeciencias.pucpr.br\/2024\/wp-content\/uploads\/sites\/5\/elementor\/thumbs\/feira_mostra_eventum_778x400px-e1710511223865-ql91hpo1cg3ykbsq6xudu4gr7yljsyjkc7otk3gomi.jpg","type":"","width":"","height":""}],"author":"manoelmaranhao","twitter_card":"summary_large_image","twitter_misc":{"Escrito por":"manoelmaranhao","Est. tempo de leitura":"2 minutos"},"schema":{"@context":"https:\/\/schema.org","@graph":[{"@type":"Article","@id":"https:\/\/feiradeciencias.pucpr.br\/2024\/edicoes-anteriores\/#article","isPartOf":{"@id":"https:\/\/feiradeciencias.pucpr.br\/2024\/edicoes-anteriores\/"},"author":{"name":"manoelmaranhao","@id":"https:\/\/feiradeciencias.pucpr.br\/2024\/#\/schema\/person\/05b9255c260bb6bca53021119600142a"},"headline":"EDI\u00c7\u00d5ES ANTERIORES","datePublished":"2022-05-17T14:32:34+00:00","dateModified":"2024-07-04T14:56:21+00:00","mainEntityOfPage":{"@id":"https:\/\/feiradeciencias.pucpr.br\/2024\/edicoes-anteriores\/"},"wordCount":210,"commentCount":0,"publisher":{"@id":"https:\/\/feiradeciencias.pucpr.br\/2024\/#organization"},"image":{"@id":"https:\/\/feiradeciencias.pucpr.br\/2024\/edicoes-anteriores\/#primaryimage"},"thumbnailUrl":"https:\/\/feiradeciencias.pucpr.br\/2024\/wp-content\/uploads\/sites\/5\/elementor\/thumbs\/feira_mostra_eventum_778x400px-e1710511223865-ql91hpo1cg3ykbsq6xudu4gr7yljsyjkc7otk3gomi.jpg","inLanguage":"pt-BR","potentialAction":[{"@type":"CommentAction","name":"Comment","target":["https:\/\/feiradeciencias.pucpr.br\/2024\/edicoes-anteriores\/#respond"]}]},{"@type":"WebPage","@id":"https:\/\/feiradeciencias.pucpr.br\/2024\/edicoes-anteriores\/","url":"https:\/\/feiradeciencias.pucpr.br\/2024\/edicoes-anteriores\/","name":"EDI\u00c7\u00d5ES ANTERIORES - Feira de Ci\u00eancias PUCPR | 2024","isPartOf":{"@id":"https:\/\/feiradeciencias.pucpr.br\/2024\/#website"},"primaryImageOfPage":{"@id":"https:\/\/feiradeciencias.pucpr.br\/2024\/edicoes-anteriores\/#primaryimage"},"image":{"@id":"https:\/\/feiradeciencias.pucpr.br\/2024\/edicoes-anteriores\/#primaryimage"},"thumbnailUrl":"https:\/\/feiradeciencias.pucpr.br\/2024\/wp-content\/uploads\/sites\/5\/elementor\/thumbs\/feira_mostra_eventum_778x400px-e1710511223865-ql91hpo1cg3ykbsq6xudu4gr7yljsyjkc7otk3gomi.jpg","datePublished":"2022-05-17T14:32:34+00:00","dateModified":"2024-07-04T14:56:21+00:00","breadcrumb":{"@id":"https:\/\/feiradeciencias.pucpr.br\/2024\/edicoes-anteriores\/#breadcrumb"},"inLanguage":"pt-BR","potentialAction":[{"@type":"ReadAction","target":["https:\/\/feiradeciencias.pucpr.br\/2024\/edicoes-anteriores\/"]}]},{"@type":"ImageObject","inLanguage":"pt-BR","@id":"https:\/\/feiradeciencias.pucpr.br\/2024\/edicoes-anteriores\/#primaryimage","url":"https:\/\/feiradeciencias.pucpr.br\/2024\/wp-content\/uploads\/sites\/5\/elementor\/thumbs\/feira_mostra_eventum_778x400px-e1710511223865-ql91hpo1cg3ykbsq6xudu4gr7yljsyjkc7otk3gomi.jpg","contentUrl":"https:\/\/feiradeciencias.pucpr.br\/2024\/wp-content\/uploads\/sites\/5\/elementor\/thumbs\/feira_mostra_eventum_778x400px-e1710511223865-ql91hpo1cg3ykbsq6xudu4gr7yljsyjkc7otk3gomi.jpg"},{"@type":"BreadcrumbList","@id":"https:\/\/feiradeciencias.pucpr.br\/2024\/edicoes-anteriores\/#breadcrumb","itemListElement":[{"@type":"ListItem","position":1,"name":"In\u00edcio","item":"https:\/\/feiradeciencias.pucpr.br\/2024\/"},{"@type":"ListItem","position":2,"name":"EDI\u00c7\u00d5ES ANTERIORES"}]},{"@type":"WebSite","@id":"https:\/\/feiradeciencias.pucpr.br\/2024\/#website","url":"https:\/\/feiradeciencias.pucpr.br\/2024\/","name":"Feira de Ci\u00eancias PUCPR | 2024","description":"9\u00aa Feira de Ci\u00eancias J\u00fanior da PUCPR e 5\u00aa Mostra Paralela da PUCPR | 2024","publisher":{"@id":"https:\/\/feiradeciencias.pucpr.br\/2024\/#organization"},"potentialAction":[{"@type":"SearchAction","target":{"@type":"EntryPoint","urlTemplate":"https:\/\/feiradeciencias.pucpr.br\/2024\/?s={search_term_string}"},"query-input":{"@type":"PropertyValueSpecification","valueRequired":true,"valueName":"search_term_string"}}],"inLanguage":"pt-BR"},{"@type":"Organization","@id":"https:\/\/feiradeciencias.pucpr.br\/2024\/#organization","name":"Feira de Ci\u00eancias PUCPR | 2024","url":"https:\/\/feiradeciencias.pucpr.br\/2024\/","logo":{"@type":"ImageObject","inLanguage":"pt-BR","@id":"https:\/\/feiradeciencias.pucpr.br\/2024\/#\/schema\/logo\/image\/","url":"https:\/\/feiradeciencias.pucpr.br\/2024\/wp-content\/uploads\/sites\/5\/2022\/05\/logo-puc-branca-horizontal.png","contentUrl":"https:\/\/feiradeciencias.pucpr.br\/2024\/wp-content\/uploads\/sites\/5\/2022\/05\/logo-puc-branca-horizontal.png","width":221,"height":100,"caption":"Feira de Ci\u00eancias PUCPR | 2024"},"image":{"@id":"https:\/\/feiradeciencias.pucpr.br\/2024\/#\/schema\/logo\/image\/"}},{"@type":"Person","@id":"https:\/\/feiradeciencias.pucpr.br\/2024\/#\/schema\/person\/05b9255c260bb6bca53021119600142a","name":"manoelmaranhao","image":{"@type":"ImageObject","inLanguage":"pt-BR","@id":"https:\/\/secure.gravatar.com\/avatar\/68a369b1519bf951acc27e328a29a1858b2c7a8bd238111715658ac20bcb4391?s=96&d=mm&r=g","url":"https:\/\/secure.gravatar.com\/avatar\/68a369b1519bf951acc27e328a29a1858b2c7a8bd238111715658ac20bcb4391?s=96&d=mm&r=g","contentUrl":"https:\/\/secure.gravatar.com\/avatar\/68a369b1519bf951acc27e328a29a1858b2c7a8bd238111715658ac20bcb4391?s=96&d=mm&r=g","caption":"manoelmaranhao"},"url":"https:\/\/feiradeciencias.pucpr.br\/2024\/author\/manoelmaranhao\/"}]}},"_links":{"self":[{"href":"https:\/\/feiradeciencias.pucpr.br\/2024\/wp-json\/wp\/v2\/posts\/131","targetHints":{"allow":["GET"]}}],"collection":[{"href":"https:\/\/feiradeciencias.pucpr.br\/2024\/wp-json\/wp\/v2\/posts"}],"about":[{"href":"https:\/\/feiradeciencias.pucpr.br\/2024\/wp-json\/wp\/v2\/types\/post"}],"author":[{"embeddable":true,"href":"https:\/\/feiradeciencias.pucpr.br\/2024\/wp-json\/wp\/v2\/users\/2"}],"replies":[{"embeddable":true,"href":"https:\/\/feiradeciencias.pucpr.br\/2024\/wp-json\/wp\/v2\/comments?post=131"}],"version-history":[{"count":24,"href":"https:\/\/feiradeciencias.pucpr.br\/2024\/wp-json\/wp\/v2\/posts\/131\/revisions"}],"predecessor-version":[{"id":2761,"href":"https:\/\/feiradeciencias.pucpr.br\/2024\/wp-json\/wp\/v2\/posts\/131\/revisions\/2761"}],"wp:attachment":[{"href":"https:\/\/feiradeciencias.pucpr.br\/2024\/wp-json\/wp\/v2\/media?parent=131"}],"wp:term":[{"taxonomy":"category","embeddable":true,"href":"https:\/\/feiradeciencias.pucpr.br\/2024\/wp-json\/wp\/v2\/categories?post=131"},{"taxonomy":"post_tag","embeddable":true,"href":"https:\/\/feiradeciencias.pucpr.br\/2024\/wp-json\/wp\/v2\/tags?post=131"}],"curies":[{"name":"wp","href":"https:\/\/api.w.org\/{rel}","templated":true}]}}