{"id":1338,"date":"2022-07-26T14:51:25","date_gmt":"2022-07-26T17:51:25","guid":{"rendered":"https:\/\/feiradeciencias.pucpr.br\/2024\/?p=1338"},"modified":"2024-10-30T16:20:05","modified_gmt":"2024-10-30T19:20:05","slug":"premiacao","status":"publish","type":"post","link":"https:\/\/feiradeciencias.pucpr.br\/2024\/premiacao\/","title":{"rendered":"PREMIA\u00c7\u00c3O"},"content":{"rendered":"\t\t<div data-elementor-type=\"wp-post\" data-elementor-id=\"1338\" class=\"elementor elementor-1338\" data-elementor-post-type=\"post\">\n\t\t\t\t\t\t<section class=\"elementor-section elementor-top-section elementor-element elementor-element-cc1a270 elementor-section-full_width elementor-section-height-default elementor-section-height-default\" data-id=\"cc1a270\" data-element_type=\"section\" data-e-type=\"section\">\n\t\t\t\t\t\t<div class=\"elementor-container elementor-column-gap-no\">\n\t\t\t\t\t<div class=\"elementor-column elementor-col-100 elementor-top-column elementor-element elementor-element-e583e8d\" data-id=\"e583e8d\" data-element_type=\"column\" data-e-type=\"column\">\n\t\t\t<div class=\"elementor-widget-wrap elementor-element-populated\">\n\t\t\t\t\t\t<div class=\"elementor-element elementor-element-51430c4 elementor-align-center elementor-widget elementor-widget-button\" data-id=\"51430c4\" data-element_type=\"widget\" data-e-type=\"widget\" data-widget_type=\"button.default\">\n\t\t\t\t<div class=\"elementor-widget-container\">\n\t\t\t\t\t\t\t\t\t<div class=\"elementor-button-wrapper\">\n\t\t\t\t\t<a class=\"elementor-button elementor-button-link elementor-size-sm\" href=\"https:\/\/static.pucpr.br\/pucpr\/2024\/10\/edital-35_2024-premiacao-feirajr-mostra-paralela.pdf\" target=\"_blank\">\n\t\t\t\t\t\t<span class=\"elementor-button-content-wrapper\">\n\t\t\t\t\t\t\t\t\t<span class=\"elementor-button-text\">EDITAL 35\/2024 - PREMIA\u00c7\u00c3O FEIRA DE CI\u00caNCIAS JR E MOSTRA PARALELA PUCPR<\/span>\n\t\t\t\t\t<\/span>\n\t\t\t\t\t<\/a>\n\t\t\t\t<\/div>\n\t\t\t\t\t\t\t\t<\/div>\n\t\t\t\t<\/div>\n\t\t\t\t<div class=\"elementor-element elementor-element-350407f elementor-widget elementor-widget-text-editor\" data-id=\"350407f\" data-element_type=\"widget\" data-e-type=\"widget\" data-widget_type=\"text-editor.default\">\n\t\t\t\t<div class=\"elementor-widget-container\">\n\t\t\t\t\t\t\t\t\t<p>Os estudantes premiados nos eventos poder\u00e3o ser contemplados com <strong>bolsas de Inicia\u00e7\u00e3o Cient\u00edfica J\u00fanior no valor de R$300,00 mensais<\/strong>! \u00c9 uma excelente oportunidade para participar de projetos desenvolvidos por grandes pesquisadores da PUCPR, em diferentes \u00e1reas de conhecimento, al\u00e9m de poder vivenciar a rotina na universidade. \u00c9 uma experi\u00eancia enriquecedora, que promove o desenvolvimento de diversas habilidades e prepara os jovens pesquisadores para os desafios futuros. Conhe\u00e7a as categorias de premia\u00e7\u00e3o da 9\u00aa Feira de Ci\u00eancias J\u00fanior e da 5\u00aa Mostra Paralela da PUCPR:<\/p><p>\u00a0<\/p>\t\t\t\t\t\t\t\t<\/div>\n\t\t\t\t<\/div>\n\t\t\t\t<div class=\"elementor-element elementor-element-d6f69a5 elementor-widget elementor-widget-image\" data-id=\"d6f69a5\" data-element_type=\"widget\" data-e-type=\"widget\" data-widget_type=\"image.default\">\n\t\t\t\t<div class=\"elementor-widget-container\">\n\t\t\t\t\t\t\t\t\t\t\t\t\t\t\t<img decoding=\"async\" src=\"http:\/\/feiradeciencias.pucpr.br\/wp-content\/uploads\/2024\/07\/ap_Premiacao_Feira_v3.jpg\" title=\"\" alt=\"Premia\u00e7\u00e3o\" loading=\"lazy\" \/>\t\t\t\t\t\t\t\t\t\t\t\t\t\t\t<\/div>\n\t\t\t\t<\/div>\n\t\t\t\t\t<\/div>\n\t\t<\/div>\n\t\t\t\t\t<\/div>\n\t\t<\/section>\n\t\t\t\t<\/div>\n\t\t","protected":false},"excerpt":{"rendered":"<p>EDITAL 35\/2024 &#8211; PREMIA\u00c7\u00c3O FEIRA DE CI\u00caNCIAS JR E MOSTRA PARALELA PUCPR Os estudantes premiados nos eventos poder\u00e3o ser contemplados com bolsas de Inicia\u00e7\u00e3o Cient\u00edfica J\u00fanior no valor de R$300,00 mensais! \u00c9 uma excelente oportunidade para participar de projetos desenvolvidos por grandes pesquisadores da PUCPR, em diferentes \u00e1reas de conhecimento, al\u00e9m de poder vivenciar a [&hellip;]<\/p>\n","protected":false},"author":2,"featured_media":0,"comment_status":"open","ping_status":"open","sticky":false,"template":"","format":"standard","meta":{"_acf_changed":false,"footnotes":""},"categories":[1],"tags":[],"class_list":["post-1338","post","type-post","status-publish","format-standard","hentry","category-sem-categoria"],"acf":[],"yoast_head":"<!-- This site is optimized with the Yoast SEO plugin v27.4 - https:\/\/yoast.com\/product\/yoast-seo-wordpress\/ -->\n<title>PREMIA\u00c7\u00c3O - Feira de Ci\u00eancias PUCPR | 2024<\/title>\n<meta name=\"robots\" content=\"index, follow, max-snippet:-1, max-image-preview:large, max-video-preview:-1\" \/>\n<link rel=\"canonical\" href=\"https:\/\/feiradeciencias.pucpr.br\/2024\/premiacao\/\" \/>\n<meta property=\"og:locale\" content=\"pt_BR\" \/>\n<meta property=\"og:type\" content=\"article\" \/>\n<meta property=\"og:title\" content=\"PREMIA\u00c7\u00c3O - Feira de Ci\u00eancias PUCPR | 2024\" \/>\n<meta property=\"og:description\" content=\"EDITAL 35\/2024 &#8211; PREMIA\u00c7\u00c3O FEIRA DE CI\u00caNCIAS JR E MOSTRA PARALELA PUCPR Os estudantes premiados nos eventos poder\u00e3o ser contemplados com bolsas de Inicia\u00e7\u00e3o Cient\u00edfica J\u00fanior no valor de R$300,00 mensais! \u00c9 uma excelente oportunidade para participar de projetos desenvolvidos por grandes pesquisadores da PUCPR, em diferentes \u00e1reas de conhecimento, al\u00e9m de poder vivenciar a [&hellip;]\" \/>\n<meta property=\"og:url\" content=\"https:\/\/feiradeciencias.pucpr.br\/2024\/premiacao\/\" \/>\n<meta property=\"og:site_name\" content=\"Feira de Ci\u00eancias PUCPR | 2024\" \/>\n<meta property=\"article:published_time\" content=\"2022-07-26T17:51:25+00:00\" \/>\n<meta property=\"article:modified_time\" content=\"2024-10-30T19:20:05+00:00\" \/>\n<meta property=\"og:image\" content=\"https:\/\/feiradeciencias.pucpr.br\/2024\/wp-content\/uploads\/sites\/5\/2024\/07\/ap_Premiacao_Feira_v3.jpg\" \/>\n<meta name=\"author\" content=\"manoelmaranhao\" \/>\n<meta name=\"twitter:card\" content=\"summary_large_image\" \/>\n<meta name=\"twitter:label1\" content=\"Escrito por\" \/>\n\t<meta name=\"twitter:data1\" content=\"manoelmaranhao\" \/>\n\t<meta name=\"twitter:label2\" content=\"Est. tempo de leitura\" \/>\n\t<meta name=\"twitter:data2\" content=\"1 minuto\" \/>\n<script type=\"application\/ld+json\" class=\"yoast-schema-graph\">{\"@context\":\"https:\\\/\\\/schema.org\",\"@graph\":[{\"@type\":\"Article\",\"@id\":\"https:\\\/\\\/feiradeciencias.pucpr.br\\\/2024\\\/premiacao\\\/#article\",\"isPartOf\":{\"@id\":\"https:\\\/\\\/feiradeciencias.pucpr.br\\\/2024\\\/premiacao\\\/\"},\"author\":{\"name\":\"manoelmaranhao\",\"@id\":\"https:\\\/\\\/feiradeciencias.pucpr.br\\\/2024\\\/#\\\/schema\\\/person\\\/05b9255c260bb6bca53021119600142a\"},\"headline\":\"PREMIA\u00c7\u00c3O\",\"datePublished\":\"2022-07-26T17:51:25+00:00\",\"dateModified\":\"2024-10-30T19:20:05+00:00\",\"mainEntityOfPage\":{\"@id\":\"https:\\\/\\\/feiradeciencias.pucpr.br\\\/2024\\\/premiacao\\\/\"},\"wordCount\":105,\"commentCount\":0,\"publisher\":{\"@id\":\"https:\\\/\\\/feiradeciencias.pucpr.br\\\/2024\\\/#organization\"},\"image\":{\"@id\":\"https:\\\/\\\/feiradeciencias.pucpr.br\\\/2024\\\/premiacao\\\/#primaryimage\"},\"thumbnailUrl\":\"https:\\\/\\\/feiradeciencias.pucpr.br\\\/2024\\\/wp-content\\\/uploads\\\/sites\\\/5\\\/2024\\\/07\\\/ap_Premiacao_Feira_v3.jpg\",\"inLanguage\":\"pt-BR\",\"potentialAction\":[{\"@type\":\"CommentAction\",\"name\":\"Comment\",\"target\":[\"https:\\\/\\\/feiradeciencias.pucpr.br\\\/2024\\\/premiacao\\\/#respond\"]}]},{\"@type\":\"WebPage\",\"@id\":\"https:\\\/\\\/feiradeciencias.pucpr.br\\\/2024\\\/premiacao\\\/\",\"url\":\"https:\\\/\\\/feiradeciencias.pucpr.br\\\/2024\\\/premiacao\\\/\",\"name\":\"PREMIA\u00c7\u00c3O - Feira de Ci\u00eancias PUCPR | 2024\",\"isPartOf\":{\"@id\":\"https:\\\/\\\/feiradeciencias.pucpr.br\\\/2024\\\/#website\"},\"primaryImageOfPage\":{\"@id\":\"https:\\\/\\\/feiradeciencias.pucpr.br\\\/2024\\\/premiacao\\\/#primaryimage\"},\"image\":{\"@id\":\"https:\\\/\\\/feiradeciencias.pucpr.br\\\/2024\\\/premiacao\\\/#primaryimage\"},\"thumbnailUrl\":\"https:\\\/\\\/feiradeciencias.pucpr.br\\\/2024\\\/wp-content\\\/uploads\\\/sites\\\/5\\\/2024\\\/07\\\/ap_Premiacao_Feira_v3.jpg\",\"datePublished\":\"2022-07-26T17:51:25+00:00\",\"dateModified\":\"2024-10-30T19:20:05+00:00\",\"breadcrumb\":{\"@id\":\"https:\\\/\\\/feiradeciencias.pucpr.br\\\/2024\\\/premiacao\\\/#breadcrumb\"},\"inLanguage\":\"pt-BR\",\"potentialAction\":[{\"@type\":\"ReadAction\",\"target\":[\"https:\\\/\\\/feiradeciencias.pucpr.br\\\/2024\\\/premiacao\\\/\"]}]},{\"@type\":\"ImageObject\",\"inLanguage\":\"pt-BR\",\"@id\":\"https:\\\/\\\/feiradeciencias.pucpr.br\\\/2024\\\/premiacao\\\/#primaryimage\",\"url\":\"https:\\\/\\\/feiradeciencias.pucpr.br\\\/2024\\\/wp-content\\\/uploads\\\/sites\\\/5\\\/2024\\\/07\\\/ap_Premiacao_Feira_v3.jpg\",\"contentUrl\":\"https:\\\/\\\/feiradeciencias.pucpr.br\\\/2024\\\/wp-content\\\/uploads\\\/sites\\\/5\\\/2024\\\/07\\\/ap_Premiacao_Feira_v3.jpg\",\"width\":1900,\"height\":2673},{\"@type\":\"BreadcrumbList\",\"@id\":\"https:\\\/\\\/feiradeciencias.pucpr.br\\\/2024\\\/premiacao\\\/#breadcrumb\",\"itemListElement\":[{\"@type\":\"ListItem\",\"position\":1,\"name\":\"In\u00edcio\",\"item\":\"https:\\\/\\\/feiradeciencias.pucpr.br\\\/2024\\\/\"},{\"@type\":\"ListItem\",\"position\":2,\"name\":\"PREMIA\u00c7\u00c3O\"}]},{\"@type\":\"WebSite\",\"@id\":\"https:\\\/\\\/feiradeciencias.pucpr.br\\\/2024\\\/#website\",\"url\":\"https:\\\/\\\/feiradeciencias.pucpr.br\\\/2024\\\/\",\"name\":\"Feira de Ci\u00eancias PUCPR | 2024\",\"description\":\"9\u00aa Feira de Ci\u00eancias J\u00fanior da PUCPR e 5\u00aa Mostra Paralela da PUCPR | 2024\",\"publisher\":{\"@id\":\"https:\\\/\\\/feiradeciencias.pucpr.br\\\/2024\\\/#organization\"},\"potentialAction\":[{\"@type\":\"SearchAction\",\"target\":{\"@type\":\"EntryPoint\",\"urlTemplate\":\"https:\\\/\\\/feiradeciencias.pucpr.br\\\/2024\\\/?s={search_term_string}\"},\"query-input\":{\"@type\":\"PropertyValueSpecification\",\"valueRequired\":true,\"valueName\":\"search_term_string\"}}],\"inLanguage\":\"pt-BR\"},{\"@type\":\"Organization\",\"@id\":\"https:\\\/\\\/feiradeciencias.pucpr.br\\\/2024\\\/#organization\",\"name\":\"Feira de Ci\u00eancias PUCPR | 2024\",\"url\":\"https:\\\/\\\/feiradeciencias.pucpr.br\\\/2024\\\/\",\"logo\":{\"@type\":\"ImageObject\",\"inLanguage\":\"pt-BR\",\"@id\":\"https:\\\/\\\/feiradeciencias.pucpr.br\\\/2024\\\/#\\\/schema\\\/logo\\\/image\\\/\",\"url\":\"https:\\\/\\\/feiradeciencias.pucpr.br\\\/2024\\\/wp-content\\\/uploads\\\/sites\\\/5\\\/2022\\\/05\\\/logo-puc-branca-horizontal.png\",\"contentUrl\":\"https:\\\/\\\/feiradeciencias.pucpr.br\\\/2024\\\/wp-content\\\/uploads\\\/sites\\\/5\\\/2022\\\/05\\\/logo-puc-branca-horizontal.png\",\"width\":221,\"height\":100,\"caption\":\"Feira de Ci\u00eancias PUCPR | 2024\"},\"image\":{\"@id\":\"https:\\\/\\\/feiradeciencias.pucpr.br\\\/2024\\\/#\\\/schema\\\/logo\\\/image\\\/\"}},{\"@type\":\"Person\",\"@id\":\"https:\\\/\\\/feiradeciencias.pucpr.br\\\/2024\\\/#\\\/schema\\\/person\\\/05b9255c260bb6bca53021119600142a\",\"name\":\"manoelmaranhao\",\"image\":{\"@type\":\"ImageObject\",\"inLanguage\":\"pt-BR\",\"@id\":\"https:\\\/\\\/secure.gravatar.com\\\/avatar\\\/68a369b1519bf951acc27e328a29a1858b2c7a8bd238111715658ac20bcb4391?s=96&d=mm&r=g\",\"url\":\"https:\\\/\\\/secure.gravatar.com\\\/avatar\\\/68a369b1519bf951acc27e328a29a1858b2c7a8bd238111715658ac20bcb4391?s=96&d=mm&r=g\",\"contentUrl\":\"https:\\\/\\\/secure.gravatar.com\\\/avatar\\\/68a369b1519bf951acc27e328a29a1858b2c7a8bd238111715658ac20bcb4391?s=96&d=mm&r=g\",\"caption\":\"manoelmaranhao\"},\"url\":\"https:\\\/\\\/feiradeciencias.pucpr.br\\\/2024\\\/author\\\/manoelmaranhao\\\/\"}]}<\/script>\n<!-- \/ Yoast SEO plugin. -->","yoast_head_json":{"title":"PREMIA\u00c7\u00c3O - Feira de Ci\u00eancias PUCPR | 2024","robots":{"index":"index","follow":"follow","max-snippet":"max-snippet:-1","max-image-preview":"max-image-preview:large","max-video-preview":"max-video-preview:-1"},"canonical":"https:\/\/feiradeciencias.pucpr.br\/2024\/premiacao\/","og_locale":"pt_BR","og_type":"article","og_title":"PREMIA\u00c7\u00c3O - Feira de Ci\u00eancias PUCPR | 2024","og_description":"EDITAL 35\/2024 &#8211; PREMIA\u00c7\u00c3O FEIRA DE CI\u00caNCIAS JR E MOSTRA PARALELA PUCPR Os estudantes premiados nos eventos poder\u00e3o ser contemplados com bolsas de Inicia\u00e7\u00e3o Cient\u00edfica J\u00fanior no valor de R$300,00 mensais! \u00c9 uma excelente oportunidade para participar de projetos desenvolvidos por grandes pesquisadores da PUCPR, em diferentes \u00e1reas de conhecimento, al\u00e9m de poder vivenciar a [&hellip;]","og_url":"https:\/\/feiradeciencias.pucpr.br\/2024\/premiacao\/","og_site_name":"Feira de Ci\u00eancias PUCPR | 2024","article_published_time":"2022-07-26T17:51:25+00:00","article_modified_time":"2024-10-30T19:20:05+00:00","og_image":[{"url":"https:\/\/feiradeciencias.pucpr.br\/2024\/wp-content\/uploads\/sites\/5\/2024\/07\/ap_Premiacao_Feira_v3.jpg","type":"","width":"","height":""}],"author":"manoelmaranhao","twitter_card":"summary_large_image","twitter_misc":{"Escrito por":"manoelmaranhao","Est. tempo de leitura":"1 minuto"},"schema":{"@context":"https:\/\/schema.org","@graph":[{"@type":"Article","@id":"https:\/\/feiradeciencias.pucpr.br\/2024\/premiacao\/#article","isPartOf":{"@id":"https:\/\/feiradeciencias.pucpr.br\/2024\/premiacao\/"},"author":{"name":"manoelmaranhao","@id":"https:\/\/feiradeciencias.pucpr.br\/2024\/#\/schema\/person\/05b9255c260bb6bca53021119600142a"},"headline":"PREMIA\u00c7\u00c3O","datePublished":"2022-07-26T17:51:25+00:00","dateModified":"2024-10-30T19:20:05+00:00","mainEntityOfPage":{"@id":"https:\/\/feiradeciencias.pucpr.br\/2024\/premiacao\/"},"wordCount":105,"commentCount":0,"publisher":{"@id":"https:\/\/feiradeciencias.pucpr.br\/2024\/#organization"},"image":{"@id":"https:\/\/feiradeciencias.pucpr.br\/2024\/premiacao\/#primaryimage"},"thumbnailUrl":"https:\/\/feiradeciencias.pucpr.br\/2024\/wp-content\/uploads\/sites\/5\/2024\/07\/ap_Premiacao_Feira_v3.jpg","inLanguage":"pt-BR","potentialAction":[{"@type":"CommentAction","name":"Comment","target":["https:\/\/feiradeciencias.pucpr.br\/2024\/premiacao\/#respond"]}]},{"@type":"WebPage","@id":"https:\/\/feiradeciencias.pucpr.br\/2024\/premiacao\/","url":"https:\/\/feiradeciencias.pucpr.br\/2024\/premiacao\/","name":"PREMIA\u00c7\u00c3O - Feira de Ci\u00eancias PUCPR | 2024","isPartOf":{"@id":"https:\/\/feiradeciencias.pucpr.br\/2024\/#website"},"primaryImageOfPage":{"@id":"https:\/\/feiradeciencias.pucpr.br\/2024\/premiacao\/#primaryimage"},"image":{"@id":"https:\/\/feiradeciencias.pucpr.br\/2024\/premiacao\/#primaryimage"},"thumbnailUrl":"https:\/\/feiradeciencias.pucpr.br\/2024\/wp-content\/uploads\/sites\/5\/2024\/07\/ap_Premiacao_Feira_v3.jpg","datePublished":"2022-07-26T17:51:25+00:00","dateModified":"2024-10-30T19:20:05+00:00","breadcrumb":{"@id":"https:\/\/feiradeciencias.pucpr.br\/2024\/premiacao\/#breadcrumb"},"inLanguage":"pt-BR","potentialAction":[{"@type":"ReadAction","target":["https:\/\/feiradeciencias.pucpr.br\/2024\/premiacao\/"]}]},{"@type":"ImageObject","inLanguage":"pt-BR","@id":"https:\/\/feiradeciencias.pucpr.br\/2024\/premiacao\/#primaryimage","url":"https:\/\/feiradeciencias.pucpr.br\/2024\/wp-content\/uploads\/sites\/5\/2024\/07\/ap_Premiacao_Feira_v3.jpg","contentUrl":"https:\/\/feiradeciencias.pucpr.br\/2024\/wp-content\/uploads\/sites\/5\/2024\/07\/ap_Premiacao_Feira_v3.jpg","width":1900,"height":2673},{"@type":"BreadcrumbList","@id":"https:\/\/feiradeciencias.pucpr.br\/2024\/premiacao\/#breadcrumb","itemListElement":[{"@type":"ListItem","position":1,"name":"In\u00edcio","item":"https:\/\/feiradeciencias.pucpr.br\/2024\/"},{"@type":"ListItem","position":2,"name":"PREMIA\u00c7\u00c3O"}]},{"@type":"WebSite","@id":"https:\/\/feiradeciencias.pucpr.br\/2024\/#website","url":"https:\/\/feiradeciencias.pucpr.br\/2024\/","name":"Feira de Ci\u00eancias PUCPR | 2024","description":"9\u00aa Feira de Ci\u00eancias J\u00fanior da PUCPR e 5\u00aa Mostra Paralela da PUCPR | 2024","publisher":{"@id":"https:\/\/feiradeciencias.pucpr.br\/2024\/#organization"},"potentialAction":[{"@type":"SearchAction","target":{"@type":"EntryPoint","urlTemplate":"https:\/\/feiradeciencias.pucpr.br\/2024\/?s={search_term_string}"},"query-input":{"@type":"PropertyValueSpecification","valueRequired":true,"valueName":"search_term_string"}}],"inLanguage":"pt-BR"},{"@type":"Organization","@id":"https:\/\/feiradeciencias.pucpr.br\/2024\/#organization","name":"Feira de Ci\u00eancias PUCPR | 2024","url":"https:\/\/feiradeciencias.pucpr.br\/2024\/","logo":{"@type":"ImageObject","inLanguage":"pt-BR","@id":"https:\/\/feiradeciencias.pucpr.br\/2024\/#\/schema\/logo\/image\/","url":"https:\/\/feiradeciencias.pucpr.br\/2024\/wp-content\/uploads\/sites\/5\/2022\/05\/logo-puc-branca-horizontal.png","contentUrl":"https:\/\/feiradeciencias.pucpr.br\/2024\/wp-content\/uploads\/sites\/5\/2022\/05\/logo-puc-branca-horizontal.png","width":221,"height":100,"caption":"Feira de Ci\u00eancias PUCPR | 2024"},"image":{"@id":"https:\/\/feiradeciencias.pucpr.br\/2024\/#\/schema\/logo\/image\/"}},{"@type":"Person","@id":"https:\/\/feiradeciencias.pucpr.br\/2024\/#\/schema\/person\/05b9255c260bb6bca53021119600142a","name":"manoelmaranhao","image":{"@type":"ImageObject","inLanguage":"pt-BR","@id":"https:\/\/secure.gravatar.com\/avatar\/68a369b1519bf951acc27e328a29a1858b2c7a8bd238111715658ac20bcb4391?s=96&d=mm&r=g","url":"https:\/\/secure.gravatar.com\/avatar\/68a369b1519bf951acc27e328a29a1858b2c7a8bd238111715658ac20bcb4391?s=96&d=mm&r=g","contentUrl":"https:\/\/secure.gravatar.com\/avatar\/68a369b1519bf951acc27e328a29a1858b2c7a8bd238111715658ac20bcb4391?s=96&d=mm&r=g","caption":"manoelmaranhao"},"url":"https:\/\/feiradeciencias.pucpr.br\/2024\/author\/manoelmaranhao\/"}]}},"_links":{"self":[{"href":"https:\/\/feiradeciencias.pucpr.br\/2024\/wp-json\/wp\/v2\/posts\/1338","targetHints":{"allow":["GET"]}}],"collection":[{"href":"https:\/\/feiradeciencias.pucpr.br\/2024\/wp-json\/wp\/v2\/posts"}],"about":[{"href":"https:\/\/feiradeciencias.pucpr.br\/2024\/wp-json\/wp\/v2\/types\/post"}],"author":[{"embeddable":true,"href":"https:\/\/feiradeciencias.pucpr.br\/2024\/wp-json\/wp\/v2\/users\/2"}],"replies":[{"embeddable":true,"href":"https:\/\/feiradeciencias.pucpr.br\/2024\/wp-json\/wp\/v2\/comments?post=1338"}],"version-history":[{"count":175,"href":"https:\/\/feiradeciencias.pucpr.br\/2024\/wp-json\/wp\/v2\/posts\/1338\/revisions"}],"predecessor-version":[{"id":3013,"href":"https:\/\/feiradeciencias.pucpr.br\/2024\/wp-json\/wp\/v2\/posts\/1338\/revisions\/3013"}],"wp:attachment":[{"href":"https:\/\/feiradeciencias.pucpr.br\/2024\/wp-json\/wp\/v2\/media?parent=1338"}],"wp:term":[{"taxonomy":"category","embeddable":true,"href":"https:\/\/feiradeciencias.pucpr.br\/2024\/wp-json\/wp\/v2\/categories?post=1338"},{"taxonomy":"post_tag","embeddable":true,"href":"https:\/\/feiradeciencias.pucpr.br\/2024\/wp-json\/wp\/v2\/tags?post=1338"}],"curies":[{"name":"wp","href":"https:\/\/api.w.org\/{rel}","templated":true}]}}