{"id":2763,"date":"2024-08-06T14:46:16","date_gmt":"2024-08-06T17:46:16","guid":{"rendered":"https:\/\/feiradeciencias.pucpr.br\/2024\/?p=2763"},"modified":"2024-08-06T15:03:39","modified_gmt":"2024-08-06T18:03:39","slug":"participe","status":"publish","type":"post","link":"https:\/\/feiradeciencias.pucpr.br\/2024\/participe\/","title":{"rendered":"VISITA\u00c7\u00c3O"},"content":{"rendered":"<p>A Feira de Ci\u00eancias J\u00fanior da PUCPR \u00e9 um evento significativo que oferece aos estudantes a oportunidade de apresentar seus projetos cient\u00edficos desenvolvidos em escolas e col\u00e9gios de Ensino Fundamental II, M\u00e9dio e T\u00e9cnico.<\/p>\n<p>Na edi\u00e7\u00e3o anterior, contamos com a exposi\u00e7\u00e3o de 67 trabalhos e recebemos cerca de 840 visitantes, que eram professores e estudantes de diferentes faixas et\u00e1rias e institui\u00e7\u00f5es de ensino.<\/p>\n<p>Gostar\u00edamos de convidar seu col\u00e9gio a levar os alunos para prestigiar este evento, que celebra a criatividade e o conhecimento cient\u00edfico.<\/p>\n<p>A Feira acontecer\u00e1 nos dias 22, 23 e 24 de outubro de 2024, no Campus Curitiba da PUCPR.<\/p>\n<p><strong>Para inscri\u00e7\u00e3o na visita\u00e7\u00e3o, acesse o link: <a href=\"https:\/\/forms.office.com\/r\/gEiqhAbkg6\">https:\/\/forms.office.com\/r\/gEiqhAbkg6<\/a><\/strong><\/p>\n","protected":false},"excerpt":{"rendered":"<p>A Feira de Ci\u00eancias J\u00fanior da PUCPR \u00e9 um evento significativo que oferece aos estudantes a oportunidade de apresentar seus projetos cient\u00edficos desenvolvidos em escolas e col\u00e9gios de Ensino Fundamental II, M\u00e9dio e T\u00e9cnico. Na edi\u00e7\u00e3o anterior, contamos com a exposi\u00e7\u00e3o de 67 trabalhos e recebemos cerca de 840 visitantes, que eram professores e estudantes [&hellip;]<\/p>\n","protected":false},"author":2,"featured_media":0,"comment_status":"open","ping_status":"open","sticky":false,"template":"","format":"standard","meta":{"_acf_changed":false,"footnotes":""},"categories":[1],"tags":[],"class_list":["post-2763","post","type-post","status-publish","format-standard","hentry","category-sem-categoria"],"acf":[],"yoast_head":"<!-- This site is optimized with the Yoast SEO plugin v27.4 - https:\/\/yoast.com\/product\/yoast-seo-wordpress\/ -->\n<title>VISITA\u00c7\u00c3O - Feira de Ci\u00eancias PUCPR | 2024<\/title>\n<meta name=\"robots\" content=\"index, follow, max-snippet:-1, max-image-preview:large, max-video-preview:-1\" \/>\n<link rel=\"canonical\" href=\"https:\/\/feiradeciencias.pucpr.br\/2024\/participe\/\" \/>\n<meta property=\"og:locale\" content=\"pt_BR\" \/>\n<meta property=\"og:type\" content=\"article\" \/>\n<meta property=\"og:title\" content=\"VISITA\u00c7\u00c3O - Feira de Ci\u00eancias PUCPR | 2024\" \/>\n<meta property=\"og:description\" content=\"A Feira de Ci\u00eancias J\u00fanior da PUCPR \u00e9 um evento significativo que oferece aos estudantes a oportunidade de apresentar seus projetos cient\u00edficos desenvolvidos em escolas e col\u00e9gios de Ensino Fundamental II, M\u00e9dio e T\u00e9cnico. Na edi\u00e7\u00e3o anterior, contamos com a exposi\u00e7\u00e3o de 67 trabalhos e recebemos cerca de 840 visitantes, que eram professores e estudantes [&hellip;]\" \/>\n<meta property=\"og:url\" content=\"https:\/\/feiradeciencias.pucpr.br\/2024\/participe\/\" \/>\n<meta property=\"og:site_name\" content=\"Feira de Ci\u00eancias PUCPR | 2024\" \/>\n<meta property=\"article:published_time\" content=\"2024-08-06T17:46:16+00:00\" \/>\n<meta property=\"article:modified_time\" content=\"2024-08-06T18:03:39+00:00\" \/>\n<meta name=\"author\" content=\"manoelmaranhao\" \/>\n<meta name=\"twitter:card\" content=\"summary_large_image\" \/>\n<meta name=\"twitter:label1\" content=\"Escrito por\" \/>\n\t<meta name=\"twitter:data1\" content=\"manoelmaranhao\" \/>\n\t<meta name=\"twitter:label2\" content=\"Est. tempo de leitura\" \/>\n\t<meta name=\"twitter:data2\" content=\"1 minuto\" \/>\n<script type=\"application\/ld+json\" class=\"yoast-schema-graph\">{\"@context\":\"https:\\\/\\\/schema.org\",\"@graph\":[{\"@type\":\"Article\",\"@id\":\"https:\\\/\\\/feiradeciencias.pucpr.br\\\/2024\\\/participe\\\/#article\",\"isPartOf\":{\"@id\":\"https:\\\/\\\/feiradeciencias.pucpr.br\\\/2024\\\/participe\\\/\"},\"author\":{\"name\":\"manoelmaranhao\",\"@id\":\"https:\\\/\\\/feiradeciencias.pucpr.br\\\/2024\\\/#\\\/schema\\\/person\\\/05b9255c260bb6bca53021119600142a\"},\"headline\":\"VISITA\u00c7\u00c3O\",\"datePublished\":\"2024-08-06T17:46:16+00:00\",\"dateModified\":\"2024-08-06T18:03:39+00:00\",\"mainEntityOfPage\":{\"@id\":\"https:\\\/\\\/feiradeciencias.pucpr.br\\\/2024\\\/participe\\\/\"},\"wordCount\":125,\"commentCount\":0,\"publisher\":{\"@id\":\"https:\\\/\\\/feiradeciencias.pucpr.br\\\/2024\\\/#organization\"},\"inLanguage\":\"pt-BR\",\"potentialAction\":[{\"@type\":\"CommentAction\",\"name\":\"Comment\",\"target\":[\"https:\\\/\\\/feiradeciencias.pucpr.br\\\/2024\\\/participe\\\/#respond\"]}]},{\"@type\":\"WebPage\",\"@id\":\"https:\\\/\\\/feiradeciencias.pucpr.br\\\/2024\\\/participe\\\/\",\"url\":\"https:\\\/\\\/feiradeciencias.pucpr.br\\\/2024\\\/participe\\\/\",\"name\":\"VISITA\u00c7\u00c3O - Feira de Ci\u00eancias PUCPR | 2024\",\"isPartOf\":{\"@id\":\"https:\\\/\\\/feiradeciencias.pucpr.br\\\/2024\\\/#website\"},\"datePublished\":\"2024-08-06T17:46:16+00:00\",\"dateModified\":\"2024-08-06T18:03:39+00:00\",\"breadcrumb\":{\"@id\":\"https:\\\/\\\/feiradeciencias.pucpr.br\\\/2024\\\/participe\\\/#breadcrumb\"},\"inLanguage\":\"pt-BR\",\"potentialAction\":[{\"@type\":\"ReadAction\",\"target\":[\"https:\\\/\\\/feiradeciencias.pucpr.br\\\/2024\\\/participe\\\/\"]}]},{\"@type\":\"BreadcrumbList\",\"@id\":\"https:\\\/\\\/feiradeciencias.pucpr.br\\\/2024\\\/participe\\\/#breadcrumb\",\"itemListElement\":[{\"@type\":\"ListItem\",\"position\":1,\"name\":\"In\u00edcio\",\"item\":\"https:\\\/\\\/feiradeciencias.pucpr.br\\\/2024\\\/\"},{\"@type\":\"ListItem\",\"position\":2,\"name\":\"VISITA\u00c7\u00c3O\"}]},{\"@type\":\"WebSite\",\"@id\":\"https:\\\/\\\/feiradeciencias.pucpr.br\\\/2024\\\/#website\",\"url\":\"https:\\\/\\\/feiradeciencias.pucpr.br\\\/2024\\\/\",\"name\":\"Feira de Ci\u00eancias PUCPR | 2024\",\"description\":\"9\u00aa Feira de Ci\u00eancias J\u00fanior da PUCPR e 5\u00aa Mostra Paralela da PUCPR | 2024\",\"publisher\":{\"@id\":\"https:\\\/\\\/feiradeciencias.pucpr.br\\\/2024\\\/#organization\"},\"potentialAction\":[{\"@type\":\"SearchAction\",\"target\":{\"@type\":\"EntryPoint\",\"urlTemplate\":\"https:\\\/\\\/feiradeciencias.pucpr.br\\\/2024\\\/?s={search_term_string}\"},\"query-input\":{\"@type\":\"PropertyValueSpecification\",\"valueRequired\":true,\"valueName\":\"search_term_string\"}}],\"inLanguage\":\"pt-BR\"},{\"@type\":\"Organization\",\"@id\":\"https:\\\/\\\/feiradeciencias.pucpr.br\\\/2024\\\/#organization\",\"name\":\"Feira de Ci\u00eancias PUCPR | 2024\",\"url\":\"https:\\\/\\\/feiradeciencias.pucpr.br\\\/2024\\\/\",\"logo\":{\"@type\":\"ImageObject\",\"inLanguage\":\"pt-BR\",\"@id\":\"https:\\\/\\\/feiradeciencias.pucpr.br\\\/2024\\\/#\\\/schema\\\/logo\\\/image\\\/\",\"url\":\"https:\\\/\\\/feiradeciencias.pucpr.br\\\/2024\\\/wp-content\\\/uploads\\\/sites\\\/5\\\/2022\\\/05\\\/logo-puc-branca-horizontal.png\",\"contentUrl\":\"https:\\\/\\\/feiradeciencias.pucpr.br\\\/2024\\\/wp-content\\\/uploads\\\/sites\\\/5\\\/2022\\\/05\\\/logo-puc-branca-horizontal.png\",\"width\":221,\"height\":100,\"caption\":\"Feira de Ci\u00eancias PUCPR | 2024\"},\"image\":{\"@id\":\"https:\\\/\\\/feiradeciencias.pucpr.br\\\/2024\\\/#\\\/schema\\\/logo\\\/image\\\/\"}},{\"@type\":\"Person\",\"@id\":\"https:\\\/\\\/feiradeciencias.pucpr.br\\\/2024\\\/#\\\/schema\\\/person\\\/05b9255c260bb6bca53021119600142a\",\"name\":\"manoelmaranhao\",\"image\":{\"@type\":\"ImageObject\",\"inLanguage\":\"pt-BR\",\"@id\":\"https:\\\/\\\/secure.gravatar.com\\\/avatar\\\/68a369b1519bf951acc27e328a29a1858b2c7a8bd238111715658ac20bcb4391?s=96&d=mm&r=g\",\"url\":\"https:\\\/\\\/secure.gravatar.com\\\/avatar\\\/68a369b1519bf951acc27e328a29a1858b2c7a8bd238111715658ac20bcb4391?s=96&d=mm&r=g\",\"contentUrl\":\"https:\\\/\\\/secure.gravatar.com\\\/avatar\\\/68a369b1519bf951acc27e328a29a1858b2c7a8bd238111715658ac20bcb4391?s=96&d=mm&r=g\",\"caption\":\"manoelmaranhao\"},\"url\":\"https:\\\/\\\/feiradeciencias.pucpr.br\\\/2024\\\/author\\\/manoelmaranhao\\\/\"}]}<\/script>\n<!-- \/ Yoast SEO plugin. -->","yoast_head_json":{"title":"VISITA\u00c7\u00c3O - Feira de Ci\u00eancias PUCPR | 2024","robots":{"index":"index","follow":"follow","max-snippet":"max-snippet:-1","max-image-preview":"max-image-preview:large","max-video-preview":"max-video-preview:-1"},"canonical":"https:\/\/feiradeciencias.pucpr.br\/2024\/participe\/","og_locale":"pt_BR","og_type":"article","og_title":"VISITA\u00c7\u00c3O - Feira de Ci\u00eancias PUCPR | 2024","og_description":"A Feira de Ci\u00eancias J\u00fanior da PUCPR \u00e9 um evento significativo que oferece aos estudantes a oportunidade de apresentar seus projetos cient\u00edficos desenvolvidos em escolas e col\u00e9gios de Ensino Fundamental II, M\u00e9dio e T\u00e9cnico. Na edi\u00e7\u00e3o anterior, contamos com a exposi\u00e7\u00e3o de 67 trabalhos e recebemos cerca de 840 visitantes, que eram professores e estudantes [&hellip;]","og_url":"https:\/\/feiradeciencias.pucpr.br\/2024\/participe\/","og_site_name":"Feira de Ci\u00eancias PUCPR | 2024","article_published_time":"2024-08-06T17:46:16+00:00","article_modified_time":"2024-08-06T18:03:39+00:00","author":"manoelmaranhao","twitter_card":"summary_large_image","twitter_misc":{"Escrito por":"manoelmaranhao","Est. tempo de leitura":"1 minuto"},"schema":{"@context":"https:\/\/schema.org","@graph":[{"@type":"Article","@id":"https:\/\/feiradeciencias.pucpr.br\/2024\/participe\/#article","isPartOf":{"@id":"https:\/\/feiradeciencias.pucpr.br\/2024\/participe\/"},"author":{"name":"manoelmaranhao","@id":"https:\/\/feiradeciencias.pucpr.br\/2024\/#\/schema\/person\/05b9255c260bb6bca53021119600142a"},"headline":"VISITA\u00c7\u00c3O","datePublished":"2024-08-06T17:46:16+00:00","dateModified":"2024-08-06T18:03:39+00:00","mainEntityOfPage":{"@id":"https:\/\/feiradeciencias.pucpr.br\/2024\/participe\/"},"wordCount":125,"commentCount":0,"publisher":{"@id":"https:\/\/feiradeciencias.pucpr.br\/2024\/#organization"},"inLanguage":"pt-BR","potentialAction":[{"@type":"CommentAction","name":"Comment","target":["https:\/\/feiradeciencias.pucpr.br\/2024\/participe\/#respond"]}]},{"@type":"WebPage","@id":"https:\/\/feiradeciencias.pucpr.br\/2024\/participe\/","url":"https:\/\/feiradeciencias.pucpr.br\/2024\/participe\/","name":"VISITA\u00c7\u00c3O - Feira de Ci\u00eancias PUCPR | 2024","isPartOf":{"@id":"https:\/\/feiradeciencias.pucpr.br\/2024\/#website"},"datePublished":"2024-08-06T17:46:16+00:00","dateModified":"2024-08-06T18:03:39+00:00","breadcrumb":{"@id":"https:\/\/feiradeciencias.pucpr.br\/2024\/participe\/#breadcrumb"},"inLanguage":"pt-BR","potentialAction":[{"@type":"ReadAction","target":["https:\/\/feiradeciencias.pucpr.br\/2024\/participe\/"]}]},{"@type":"BreadcrumbList","@id":"https:\/\/feiradeciencias.pucpr.br\/2024\/participe\/#breadcrumb","itemListElement":[{"@type":"ListItem","position":1,"name":"In\u00edcio","item":"https:\/\/feiradeciencias.pucpr.br\/2024\/"},{"@type":"ListItem","position":2,"name":"VISITA\u00c7\u00c3O"}]},{"@type":"WebSite","@id":"https:\/\/feiradeciencias.pucpr.br\/2024\/#website","url":"https:\/\/feiradeciencias.pucpr.br\/2024\/","name":"Feira de Ci\u00eancias PUCPR | 2024","description":"9\u00aa Feira de Ci\u00eancias J\u00fanior da PUCPR e 5\u00aa Mostra Paralela da PUCPR | 2024","publisher":{"@id":"https:\/\/feiradeciencias.pucpr.br\/2024\/#organization"},"potentialAction":[{"@type":"SearchAction","target":{"@type":"EntryPoint","urlTemplate":"https:\/\/feiradeciencias.pucpr.br\/2024\/?s={search_term_string}"},"query-input":{"@type":"PropertyValueSpecification","valueRequired":true,"valueName":"search_term_string"}}],"inLanguage":"pt-BR"},{"@type":"Organization","@id":"https:\/\/feiradeciencias.pucpr.br\/2024\/#organization","name":"Feira de Ci\u00eancias PUCPR | 2024","url":"https:\/\/feiradeciencias.pucpr.br\/2024\/","logo":{"@type":"ImageObject","inLanguage":"pt-BR","@id":"https:\/\/feiradeciencias.pucpr.br\/2024\/#\/schema\/logo\/image\/","url":"https:\/\/feiradeciencias.pucpr.br\/2024\/wp-content\/uploads\/sites\/5\/2022\/05\/logo-puc-branca-horizontal.png","contentUrl":"https:\/\/feiradeciencias.pucpr.br\/2024\/wp-content\/uploads\/sites\/5\/2022\/05\/logo-puc-branca-horizontal.png","width":221,"height":100,"caption":"Feira de Ci\u00eancias PUCPR | 2024"},"image":{"@id":"https:\/\/feiradeciencias.pucpr.br\/2024\/#\/schema\/logo\/image\/"}},{"@type":"Person","@id":"https:\/\/feiradeciencias.pucpr.br\/2024\/#\/schema\/person\/05b9255c260bb6bca53021119600142a","name":"manoelmaranhao","image":{"@type":"ImageObject","inLanguage":"pt-BR","@id":"https:\/\/secure.gravatar.com\/avatar\/68a369b1519bf951acc27e328a29a1858b2c7a8bd238111715658ac20bcb4391?s=96&d=mm&r=g","url":"https:\/\/secure.gravatar.com\/avatar\/68a369b1519bf951acc27e328a29a1858b2c7a8bd238111715658ac20bcb4391?s=96&d=mm&r=g","contentUrl":"https:\/\/secure.gravatar.com\/avatar\/68a369b1519bf951acc27e328a29a1858b2c7a8bd238111715658ac20bcb4391?s=96&d=mm&r=g","caption":"manoelmaranhao"},"url":"https:\/\/feiradeciencias.pucpr.br\/2024\/author\/manoelmaranhao\/"}]}},"_links":{"self":[{"href":"https:\/\/feiradeciencias.pucpr.br\/2024\/wp-json\/wp\/v2\/posts\/2763","targetHints":{"allow":["GET"]}}],"collection":[{"href":"https:\/\/feiradeciencias.pucpr.br\/2024\/wp-json\/wp\/v2\/posts"}],"about":[{"href":"https:\/\/feiradeciencias.pucpr.br\/2024\/wp-json\/wp\/v2\/types\/post"}],"author":[{"embeddable":true,"href":"https:\/\/feiradeciencias.pucpr.br\/2024\/wp-json\/wp\/v2\/users\/2"}],"replies":[{"embeddable":true,"href":"https:\/\/feiradeciencias.pucpr.br\/2024\/wp-json\/wp\/v2\/comments?post=2763"}],"version-history":[{"count":3,"href":"https:\/\/feiradeciencias.pucpr.br\/2024\/wp-json\/wp\/v2\/posts\/2763\/revisions"}],"predecessor-version":[{"id":2775,"href":"https:\/\/feiradeciencias.pucpr.br\/2024\/wp-json\/wp\/v2\/posts\/2763\/revisions\/2775"}],"wp:attachment":[{"href":"https:\/\/feiradeciencias.pucpr.br\/2024\/wp-json\/wp\/v2\/media?parent=2763"}],"wp:term":[{"taxonomy":"category","embeddable":true,"href":"https:\/\/feiradeciencias.pucpr.br\/2024\/wp-json\/wp\/v2\/categories?post=2763"},{"taxonomy":"post_tag","embeddable":true,"href":"https:\/\/feiradeciencias.pucpr.br\/2024\/wp-json\/wp\/v2\/tags?post=2763"}],"curies":[{"name":"wp","href":"https:\/\/api.w.org\/{rel}","templated":true}]}}